{"id":10072,"date":"2019-04-23T13:21:11","date_gmt":"2019-04-23T17:21:11","guid":{"rendered":"http:\/\/santemc.quebec\/icentre\/?p=10072"},"modified":"2019-04-24T15:45:23","modified_gmt":"2019-04-24T19:45:23","slug":"activite-de-reconnaissance-du-comite-executif-du-conseil-multidisciplinaire","status":"publish","type":"post","link":"https:\/\/santemc.quebec\/icentre\/activite-de-reconnaissance-du-comite-executif-du-conseil-multidisciplinaire\/","title":{"rendered":"Activit\u00e9 de reconnaissance du comit\u00e9 ex\u00e9cutif du conseil multidisciplinaire"},"content":{"rendered":"<p>Le comit\u00e9 ex\u00e9cutif du conseil multidisciplinaire (CECM), en collaboration avec la Direction de l\u2019enseignement et des affaires universitaires (DEAU), a tenu le 21 mars dernier une activit\u00e9 de reconnaissance pour ses quelque 2200 membres r\u00e9partis \u00e0 travers la Mont\u00e9r\u00e9gie et repr\u00e9sentant 45 titres d\u2019emploi diff\u00e9rents.<\/p>\n<p><!--more--><\/p>\n<p>Tout au long de l\u2019ann\u00e9e, plusieurs nominations visant \u00e0 reconna\u00eetre le travail exceptionnel des professionnels qui font partie du CM ont \u00e9t\u00e9 soumises. Ces nominations provenaient de gestionnaires, de coll\u00e8gues ou d\u2019autres professionnels qui souhaitaient mettre en lumi\u00e8re l\u2019excellence du travail de nos membres.<\/p>\n<p>Deux types de prix ont \u00e9t\u00e9 remis pour la premi\u00e8re fois\u00a0lors de cette soir\u00e9e : les <strong><em>Prix du Pro <\/em>et les<em> Prix de reconnaissance en enseignement.<\/em><\/strong><\/p>\n<p><strong>Prix du Pro<br \/>\n<\/strong>Voici les laur\u00e9ats des <strong><em>Prix du Pro, <\/em><\/strong>s\u00e9lectionn\u00e9s par un comit\u00e9 compos\u00e9 d\u2019officiers du CECM.<\/p>\n<p>Cat\u00e9gorie <strong>\u00ab Am\u00e9lioration des services professionnels \u00bb<br \/>\n<\/strong><a href=\"http:\/\/santemc.quebec\/santemc\/icentre\/wp-content\/uploads\/2019\/04\/VForgues_COstiguy_2.jpg\"><img decoding=\"async\" loading=\"lazy\" class=\"size-medium wp-image-10091 alignleft\" src=\"http:\/\/santemc.quebec\/santemc\/icentre\/wp-content\/uploads\/2019\/04\/VForgues_COstiguy_2-162x300.jpg\" alt=\"\" width=\"162\" height=\"300\" srcset=\"https:\/\/santemc.quebec\/santemc\/icentre\/wp-content\/uploads\/2019\/04\/VForgues_COstiguy_2-162x300.jpg 162w, https:\/\/santemc.quebec\/santemc\/icentre\/wp-content\/uploads\/2019\/04\/VForgues_COstiguy_2.jpg 200w\" sizes=\"(max-width: 162px) 100vw, 162px\" \/><\/a>Le prix a \u00e9t\u00e9 remis \u00e0 mesdames <strong>V\u00e9ronique Forgues <\/strong>et <strong>Catherine Ostiguy, <\/strong>respectivement\u00a0 ergoth\u00e9rapeute et physioth\u00e9rapeute au RLS du Haut-Richelieu\u2013Rouville, pour la mise en place de strat\u00e9gies interdisciplinaires dans la pr\u00e9vention des chutes et la r\u00e9duction des mesures de contr\u00f4le sur les unit\u00e9s de soins.<\/p>\n<p>&nbsp;<\/p>\n<p>&nbsp;<\/p>\n<p>&nbsp;<\/p>\n<p>&nbsp;<\/p>\n<p>&nbsp;<\/p>\n<p style=\"text-align: left;\">Cat\u00e9gorie <strong>\u00ab Cr\u00e9ation de nouveaux outils ou d\u00e9veloppement d\u2019expertise \u00bb<br \/>\n<\/strong><a href=\"http:\/\/santemc.quebec\/santemc\/icentre\/wp-content\/uploads\/2019\/04\/LBenoit_SCMannehein-Gouge_2.jpg\"><img decoding=\"async\" loading=\"lazy\" class=\"alignright size-full wp-image-10092\" src=\"http:\/\/santemc.quebec\/santemc\/icentre\/wp-content\/uploads\/2019\/04\/LBenoit_SCMannehein-Gouge_2.jpg\" alt=\"\" width=\"200\" height=\"299\" \/><\/a>Le prix a \u00e9t\u00e9 remis \u00e0 mesdames <strong>Lyse Beno\u00eet et Simone-C. Mannheim-Gouge<\/strong>, physioth\u00e9rapeutes au RLS du Haut-Richelieu\u2013Rouville, pour la mise en place de groupes parents-b\u00e9b\u00e9s permettant le d\u00e9pistage, l\u2019enseignement d\u2019exercices et de consignes pour la prise en charge des torticolis musculaires cong\u00e9nitaux et plagioc\u00e9phalies.<\/p>\n<p>&nbsp;<\/p>\n<p>&nbsp;<\/p>\n<p>&nbsp;<\/p>\n<p>&nbsp;<\/p>\n<p>Cat\u00e9gorie <strong>\u00ab Qualit\u00e9, comp\u00e9tence, cr\u00e9ativit\u00e9 et innovation \u00bb<\/strong><\/p>\n<p><a href=\"http:\/\/santemc.quebec\/santemc\/icentre\/wp-content\/uploads\/2019\/04\/MGingras_2.jpg\"><img decoding=\"async\" loading=\"lazy\" class=\"size-medium wp-image-10093 alignleft\" src=\"http:\/\/santemc.quebec\/santemc\/icentre\/wp-content\/uploads\/2019\/04\/MGingras_2-155x300.jpg\" alt=\"\" width=\"155\" height=\"300\" srcset=\"https:\/\/santemc.quebec\/santemc\/icentre\/wp-content\/uploads\/2019\/04\/MGingras_2-155x300.jpg 155w, https:\/\/santemc.quebec\/santemc\/icentre\/wp-content\/uploads\/2019\/04\/MGingras_2.jpg 200w\" sizes=\"(max-width: 155px) 100vw, 155px\" \/><\/a><\/p>\n<p>Le prix a \u00e9t\u00e9 remis \u00e0 madame <strong>Marjorie Gingras<\/strong>, physioth\u00e9rapeute au RLS de Champlain, pour l\u2019am\u00e9lioration des protocoles et guides d\u2019interventions postop\u00e9ratoires et stades d\u2019exercices en collaboration avec les orthop\u00e9distes (ex. : chirurgies de l\u2019\u00e9paule RCR, Bankart, proth\u00e8se totale \u00e9paule) ainsi que pour son implication dans le d\u00e9veloppement en interdisciplinarit\u00e9 d\u2019une nouvelle attelle thoraco-brachiale.<\/p>\n<p>&nbsp;<\/p>\n<p>&nbsp;<\/p>\n<p>&nbsp;<\/p>\n<p>Ces prix ont \u00e9t\u00e9 remis par mesdames Brigitte Brabant et Jos\u00e9e Fournier, respectivement directrice et directrice adjointe op\u00e9rationnel \u00e0 la Direction des services multidisciplinaires.<\/p>\n<p><strong>Prix de reconnaissance en enseignement<br \/>\n<\/strong>La Direction de l\u2019enseignement et des affaires universitaires (DEAU) a proc\u00e9d\u00e9 \u00e0 la remise des <strong>Prix de reconnaissance en enseignement. <\/strong>Ces prix avaient pour but de reconna\u00eetre l\u2019implication des professionnels, membres du CM, \u00e0 titre de superviseur de stage et la qualit\u00e9 de leur enseignement.<\/p>\n<p>Les candidatures ont \u00e9t\u00e9 d\u00e9pos\u00e9es dans l\u2019une des trois cat\u00e9gories par les pairs et les gestionnaires. Les laur\u00e9ats ont \u00e9t\u00e9 choisis en fonction de leur personnalit\u00e9, de leur expertise professionnelle, de leurs habilet\u00e9s en enseignement et des statistiques de supervision.<\/p>\n<p>Dr Jacques-Philippe Faucher, directeur de l\u2019enseignement et des affaires universitaires, madame Brigitte Brabant, directrice des services multidisciplinaires et madame Alexandra Plourde, adjointe au directeur de la DEAU, ont remis les prix aux gagnants.<\/p>\n<p>Cat\u00e9gorie <strong>\u00ab\u00a0Rel\u00e8ve en enseignement\u00a0\u00bb<\/strong><strong><br \/>\n<\/strong><a href=\"http:\/\/santemc.quebec\/santemc\/icentre\/wp-content\/uploads\/2019\/04\/prixDEAU_2.jpg\"><img decoding=\"async\" loading=\"lazy\" class=\"size-full wp-image-10097 alignright\" src=\"http:\/\/santemc.quebec\/santemc\/icentre\/wp-content\/uploads\/2019\/04\/prixDEAU_2.jpg\" alt=\"\" width=\"200\" height=\"287\" \/><\/a>Le prix a \u00e9t\u00e9 remis \u00e0 madame <strong>Ariane Aubin,<\/strong> ergoth\u00e9rapeute au RLS du Haut-Richelieu\u2013Rouville.<\/p>\n<p>&nbsp;<\/p>\n<p>&nbsp;<\/p>\n<p>&nbsp;<\/p>\n<p>&nbsp;<\/p>\n<p>&nbsp;<\/p>\n<p>&nbsp;<\/p>\n<p>Cat\u00e9gorie <strong>\u00ab\u00a0Superviseur d\u2019exp\u00e9rience\u00a0\u00bb<br \/>\n<\/strong>Deux prix ont \u00e9t\u00e9 remis.<\/p>\n<p><a href=\"http:\/\/santemc.quebec\/santemc\/icentre\/wp-content\/uploads\/2019\/04\/MParent_2.jpg\"><img decoding=\"async\" loading=\"lazy\" class=\"size-medium wp-image-10098 alignleft\" src=\"http:\/\/santemc.quebec\/santemc\/icentre\/wp-content\/uploads\/2019\/04\/MParent_2-186x300.jpg\" alt=\"\" width=\"186\" height=\"300\" srcset=\"https:\/\/santemc.quebec\/santemc\/icentre\/wp-content\/uploads\/2019\/04\/MParent_2-186x300.jpg 186w, https:\/\/santemc.quebec\/santemc\/icentre\/wp-content\/uploads\/2019\/04\/MParent_2.jpg 200w\" sizes=\"(max-width: 186px) 100vw, 186px\" \/><\/a>Le premier prix a \u00e9t\u00e9 remis \u00e0 madame <strong>Myriam Parent,<\/strong> technologue en radiodiagnostic \u00e0 l\u2019H\u00f4pital Charles-Le Moyne.<\/p>\n<p>&nbsp;<\/p>\n<p>&nbsp;<\/p>\n<p>&nbsp;<\/p>\n<p>&nbsp;<\/p>\n<p>&nbsp;<\/p>\n<p>&nbsp;<\/p>\n<p>Le second prix a \u00e9t\u00e9 remis \u00e0 madame <strong>Marie-Andr\u00e9e Martin<\/strong><strong>,<\/strong> travailleuse sociale et psychoth\u00e9rapeute en CLSC.\u00a0<a href=\"http:\/\/santemc.quebec\/santemc\/icentre\/wp-content\/uploads\/2019\/04\/MMMartin_2.jpg\"><img decoding=\"async\" loading=\"lazy\" class=\"alignright size-medium wp-image-10099\" src=\"http:\/\/santemc.quebec\/santemc\/icentre\/wp-content\/uploads\/2019\/04\/MMMartin_2-194x300.jpg\" alt=\"\" width=\"194\" height=\"300\" srcset=\"https:\/\/santemc.quebec\/santemc\/icentre\/wp-content\/uploads\/2019\/04\/MMMartin_2-194x300.jpg 194w, https:\/\/santemc.quebec\/santemc\/icentre\/wp-content\/uploads\/2019\/04\/MMMartin_2.jpg 200w\" sizes=\"(max-width: 194px) 100vw, 194px\" \/><\/a><\/p>\n<p>&nbsp;<\/p>\n<p>&nbsp;<\/p>\n<p>&nbsp;<\/p>\n<p>&nbsp;<\/p>\n<p>&nbsp;<\/p>\n<p>&nbsp;<\/p>\n<p>&nbsp;<\/p>\n<p>Cat\u00e9gorie <strong>\u00ab\u00a0\u00c9quipe impliqu\u00e9e en enseignement\u00a0\u00bb<br \/>\n<\/strong><a href=\"http:\/\/santemc.quebec\/santemc\/icentre\/wp-content\/uploads\/2019\/04\/equipe_prix_2.jpg\"><img decoding=\"async\" loading=\"lazy\" class=\"size-medium wp-image-10100 alignleft\" src=\"http:\/\/santemc.quebec\/santemc\/icentre\/wp-content\/uploads\/2019\/04\/equipe_prix_2-300x194.jpg\" alt=\"\" width=\"300\" height=\"194\" srcset=\"https:\/\/santemc.quebec\/santemc\/icentre\/wp-content\/uploads\/2019\/04\/equipe_prix_2-300x194.jpg 300w, https:\/\/santemc.quebec\/santemc\/icentre\/wp-content\/uploads\/2019\/04\/equipe_prix_2-463x300.jpg 463w, https:\/\/santemc.quebec\/santemc\/icentre\/wp-content\/uploads\/2019\/04\/equipe_prix_2.jpg 539w\" sizes=\"(max-width: 300px) 100vw, 300px\" \/><\/a>Le prix a \u00e9t\u00e9 remis \u00e0 madame <strong>Chantal Leclerc et l\u2019\u00e9quipe des services sociaux scolaires<\/strong>.<\/p>\n<p>Mesdames Chantal Leclerc, V\u00e9ronique Aubut et Marie-\u00c8ve Lavoie ont re\u00e7u le prix au nom de l\u2019\u00e9quipe des services sociaux scolaires.<\/p>\n<p>&nbsp;<\/p>\n<p>Absents de la photo\u00a0: mesdames Heidi Caron, Marie-Elaine Carrier, H\u00e9l\u00e8ne Danailov, Chantal Poirier, Natalie Taraborelli et Michael Rocheleau<\/p>\n<p>Le comit\u00e9 organisateur, le conseil ex\u00e9cutif du conseil multidisciplinaire ainsi que les directions pr\u00e9sentes tiennent \u00e0 f\u00e9liciter les laur\u00e9ats et \u00e0 remercier les personnes pr\u00e9sentes \u00e0 cette activit\u00e9 de reconnaissance. \u00c0 l\u2019ann\u00e9e prochaine!<\/p>\n<p>Cr\u00e9dit des photos : Jacynthe Gaboriau<\/p>\n<p>&nbsp;<\/p>\n<p>&nbsp;<\/p>\n","protected":false},"excerpt":{"rendered":"<p>Le comit\u00e9 ex\u00e9cutif du conseil multidisciplinaire (CECM), en collaboration avec la Direction de l\u2019enseignement et des affaires universitaires (DEAU), a tenu le 21 mars dernier une activit\u00e9 de reconnaissance pour ses quelque 2200 membres r\u00e9partis \u00e0 travers la Mont\u00e9r\u00e9gie et &hellip; <a href=\"https:\/\/santemc.quebec\/icentre\/activite-de-reconnaissance-du-comite-executif-du-conseil-multidisciplinaire\/\">Continuer la lecture <span class=\"meta-nav\">&rarr;<\/span><\/a><\/p>\n","protected":false},"author":9,"featured_media":0,"comment_status":"open","ping_status":"closed","sticky":false,"template":"","format":"standard","meta":{"footnotes":""},"categories":[1],"tags":[],"_links":{"self":[{"href":"https:\/\/santemc.quebec\/icentre\/wp-json\/wp\/v2\/posts\/10072"}],"collection":[{"href":"https:\/\/santemc.quebec\/icentre\/wp-json\/wp\/v2\/posts"}],"about":[{"href":"https:\/\/santemc.quebec\/icentre\/wp-json\/wp\/v2\/types\/post"}],"author":[{"embeddable":true,"href":"https:\/\/santemc.quebec\/icentre\/wp-json\/wp\/v2\/users\/9"}],"replies":[{"embeddable":true,"href":"https:\/\/santemc.quebec\/icentre\/wp-json\/wp\/v2\/comments?post=10072"}],"version-history":[{"count":16,"href":"https:\/\/santemc.quebec\/icentre\/wp-json\/wp\/v2\/posts\/10072\/revisions"}],"predecessor-version":[{"id":10212,"href":"https:\/\/santemc.quebec\/icentre\/wp-json\/wp\/v2\/posts\/10072\/revisions\/10212"}],"wp:attachment":[{"href":"https:\/\/santemc.quebec\/icentre\/wp-json\/wp\/v2\/media?parent=10072"}],"wp:term":[{"taxonomy":"category","embeddable":true,"href":"https:\/\/santemc.quebec\/icentre\/wp-json\/wp\/v2\/categories?post=10072"},{"taxonomy":"post_tag","embeddable":true,"href":"https:\/\/santemc.quebec\/icentre\/wp-json\/wp\/v2\/tags?post=10072"}],"curies":[{"name":"wp","href":"https:\/\/api.w.org\/{rel}","templated":true}]}}