{"id":1014,"date":"2015-10-30T14:50:22","date_gmt":"2015-10-30T18:50:22","guid":{"rendered":"http:\/\/santemc.quebec\/icentre\/?p=1014"},"modified":"2015-11-02T11:08:11","modified_gmt":"2015-11-02T16:08:11","slug":"journee-scientifique-portes-ouvertes-du-laboratoire-vivant-en-readaptation","status":"publish","type":"post","link":"https:\/\/santemc.quebec\/icentre\/journee-scientifique-portes-ouvertes-du-laboratoire-vivant-en-readaptation\/","title":{"rendered":"Journ\u00e9e scientifique &#8211; Portes ouvertes du Laboratoire vivant en r\u00e9adaptation"},"content":{"rendered":"<p>Le service de la recherche de l&rsquo;Institut Nazareth et Louis-Braille\u00a0participera \u00e0 la <strong>\u00ab\u00a0Journ\u00e9e scientifique &#8211; Portes ouvertes du Laboratoire vivant en r\u00e9adaptation\u00a0\u00bb<\/strong>\u00a0organis\u00e9e par le CRIR (Centre de recherche interdisciplinaire en r\u00e9adaptation du Montr\u00e9al m\u00e9tropolitain) le 3 novembre de 14h30 \u00e0 17h30 \u00e0 la Place Alexis-Nihon.<!--more--><\/p>\n<p>Cette journ\u00e9e sera l&rsquo;occasion de mettre en valeur les projets du <strong>\u00ab\u00a0laboratoire vivant\u00a0\u00bb<\/strong> r\u00e9alis\u00e9s \u00e0 la Place Alexis-Nihon. Le CRIR-INLB animera deux kiosques et participera \u00e0 un troisi\u00e8me o\u00f9 il pr\u00e9sentera trois projets en cours de r\u00e9alisation\u00a0: un portant sur les strat\u00e9gies de communication des personnes sourdes-aveugles, un autre portant sur un outil de diagnostic d&rsquo;accessibilit\u00e9 de sites Web et le troisi\u00e8me portant sur l&rsquo;orientation et le d\u00e9placement de personnes avec d\u00e9ficience motrice et\/ou visuelle dans un grand espace int\u00e9rieur sans GPS.<\/p>\n<p><strong>Qu\u2019est-ce que le Laboratoire vivant de r\u00e9adaptation ?<\/strong><\/p>\n<p>Le Laboratoire vivant de r\u00e9adaptation auquel participe l\u2019INLB est le tout premier projet de recherche interdisciplinaire et multisectoriel en r\u00e9adaptation \u00e0 explorer les principaux obstacles d&rsquo;ordre physique ou psychosocial, \u00e0 la participation sociale et \u00e0 l&rsquo;inclusion des personnes vivant avec une d\u00e9ficience physique, dans l\u2019environnement d\u2019un centre commercial, nomm\u00e9 \u00ab Laboratoire vivant \u00bb.<\/p>\n<p>Si vous d\u00e9sirez plus de renseignements concernant ce projet, consultez le site Web du laboratoire au : <a href=\"http:\/\/crir-livinglabvivant.com\/fr\/index-fr.html\">http:\/\/crir-livinglabvivant.com\/fr\/index-fr.html<\/a><\/p>\n<p>Ce site Web sert de plateforme de transfert des connaissances pour les chercheurs, les cliniciens et le grand public afin de promouvoir une prise de conscience relative aux probl\u00e8mes soulev\u00e9s par les r\u00e9sultats de recherche.<\/p>\n<p>Quand?<\/p>\n<p><strong>Mardi 3 novembre 2015 de 14\u00a0h\u00a030 \u00e0 17\u00a0h\u00a030<\/strong><\/p>\n<p>O\u00f9?<\/p>\n<p><strong>Place Alexis-Nihon<br \/>\n1500, avenue Atwater<br \/>\nMontr\u00e9al (Qu\u00e9bec) H3Z 1X5<\/strong><\/p>\n","protected":false},"excerpt":{"rendered":"<p>Le service de la recherche de l&rsquo;Institut Nazareth et Louis-Braille\u00a0participera \u00e0 la \u00ab\u00a0Journ\u00e9e scientifique &#8211; Portes ouvertes du Laboratoire vivant en r\u00e9adaptation\u00a0\u00bb\u00a0organis\u00e9e par le CRIR (Centre de recherche interdisciplinaire en r\u00e9adaptation du Montr\u00e9al m\u00e9tropolitain) le 3 novembre de 14h30 \u00e0 &hellip; <a href=\"https:\/\/santemc.quebec\/icentre\/journee-scientifique-portes-ouvertes-du-laboratoire-vivant-en-readaptation\/\">Continuer la lecture <span class=\"meta-nav\">&rarr;<\/span><\/a><\/p>\n","protected":false},"author":1,"featured_media":0,"comment_status":"open","ping_status":"closed","sticky":false,"template":"","format":"standard","meta":{"footnotes":""},"categories":[1],"tags":[],"_links":{"self":[{"href":"https:\/\/santemc.quebec\/icentre\/wp-json\/wp\/v2\/posts\/1014"}],"collection":[{"href":"https:\/\/santemc.quebec\/icentre\/wp-json\/wp\/v2\/posts"}],"about":[{"href":"https:\/\/santemc.quebec\/icentre\/wp-json\/wp\/v2\/types\/post"}],"author":[{"embeddable":true,"href":"https:\/\/santemc.quebec\/icentre\/wp-json\/wp\/v2\/users\/1"}],"replies":[{"embeddable":true,"href":"https:\/\/santemc.quebec\/icentre\/wp-json\/wp\/v2\/comments?post=1014"}],"version-history":[{"count":2,"href":"https:\/\/santemc.quebec\/icentre\/wp-json\/wp\/v2\/posts\/1014\/revisions"}],"predecessor-version":[{"id":1054,"href":"https:\/\/santemc.quebec\/icentre\/wp-json\/wp\/v2\/posts\/1014\/revisions\/1054"}],"wp:attachment":[{"href":"https:\/\/santemc.quebec\/icentre\/wp-json\/wp\/v2\/media?parent=1014"}],"wp:term":[{"taxonomy":"category","embeddable":true,"href":"https:\/\/santemc.quebec\/icentre\/wp-json\/wp\/v2\/categories?post=1014"},{"taxonomy":"post_tag","embeddable":true,"href":"https:\/\/santemc.quebec\/icentre\/wp-json\/wp\/v2\/tags?post=1014"}],"curies":[{"name":"wp","href":"https:\/\/api.w.org\/{rel}","templated":true}]}}