{"id":10479,"date":"2019-05-10T15:18:52","date_gmt":"2019-05-10T19:18:52","guid":{"rendered":"http:\/\/santemc.quebec\/icentre\/?p=10479"},"modified":"2019-05-10T16:01:54","modified_gmt":"2019-05-10T20:01:54","slug":"le-prix-marielle-lavallee-2019-decerne-a-m-jacques-fortin","status":"publish","type":"post","link":"https:\/\/santemc.quebec\/icentre\/le-prix-marielle-lavallee-2019-decerne-a-m-jacques-fortin\/","title":{"rendered":"Le prix Marielle-Lavall\u00e9e 2019 d\u00e9cern\u00e9 \u00e0 Monsieur Jacques Fortin"},"content":{"rendered":"<div id=\"attachment_10480\" style=\"width: 310px\" class=\"wp-caption alignleft\"><a href=\"http:\/\/santemc.quebec\/santemc\/icentre\/wp-content\/uploads\/2019\/05\/prix_JFortin.png\"><img aria-describedby=\"caption-attachment-10480\" decoding=\"async\" loading=\"lazy\" class=\"size-medium wp-image-10480\" src=\"http:\/\/santemc.quebec\/santemc\/icentre\/wp-content\/uploads\/2019\/05\/prix_JFortin-300x214.png\" alt=\"\" width=\"300\" height=\"214\" srcset=\"https:\/\/santemc.quebec\/santemc\/icentre\/wp-content\/uploads\/2019\/05\/prix_JFortin-300x214.png 300w, https:\/\/santemc.quebec\/santemc\/icentre\/wp-content\/uploads\/2019\/05\/prix_JFortin-768x548.png 768w, https:\/\/santemc.quebec\/santemc\/icentre\/wp-content\/uploads\/2019\/05\/prix_JFortin-420x300.png 420w, https:\/\/santemc.quebec\/santemc\/icentre\/wp-content\/uploads\/2019\/05\/prix_JFortin.png 902w\" sizes=\"(max-width: 300px) 100vw, 300px\" \/><\/a><p id=\"caption-attachment-10480\" class=\"wp-caption-text\">De gauche \u00e0 droite : Madame Lise Pouliot, pr\u00e9sidente-directrice g\u00e9n\u00e9rale adjointe; Richard Deschamps, pr\u00e9sident-directeur g\u00e9n\u00e9ral; M. Jacques Fortin, r\u00e9cipiendaire du prix et directeur de la qualit\u00e9, \u00e9valuation, performance, \u00e9thique et Lean; Lyne Marquis, directrice g\u00e9n\u00e9rale adjointe aux programmes sociaux, r\u00e9adaptation et canc\u00e9rologie<\/p><\/div>\n<p>Monsieur Jacques Fortin, directeur de la qualit\u00e9, \u00e9valuation, performance, \u00e9thique et Lean, est le r\u00e9cipiendaire du prix Marielle-Lavall\u00e9e 2019 qui a \u00e9t\u00e9 d\u00e9cern\u00e9 par l\u2019Association des cadres sup\u00e9rieurs de la sant\u00e9 et des services sociaux (ACSSSS). Cette r\u00e9compense souligne l\u2019excellence d\u2019un cadre sup\u00e9rieur \u0153uvrant dans le milieu de la sant\u00e9.<\/p>\n<p><!--more--><\/p>\n<p>D\u00e9tenteur d\u2019une ma\u00eetrise en sciences infirmi\u00e8res de l\u2019Universit\u00e9 de Montr\u00e9al, il a exerc\u00e9 la profession d\u2019infirmier pour ensuite s\u2019investir en enseignement et en recherche ainsi qu\u2019en consultation internationale, tout en d\u00e9veloppant une vaste exp\u00e9rience en gestion. Monsieur Fortin a \u00e9galement \u00e0 son actif un grand nombre de publications en mati\u00e8re de gestion des soins et de services.<\/p>\n<p>L\u2019ACSSSS a d\u2019ailleurs tenu \u00e0 souligner son grand sens de l\u2019innovation et les principes qui guident son profond engagement envers le r\u00e9seau de la sant\u00e9 et des services sociaux, tels la cr\u00e9ation de partenariats, le partage des comp\u00e9tences et une approche de gestion qui laisse une grande place au coaching chez ses cadres et employ\u00e9s. Son souci pour le transfert de connaissances et son style de gestion font de lui un leader inspirant et reconnu, entre autres, pour son int\u00e9grit\u00e9, sa pers\u00e9v\u00e9rance et sa d\u00e9termination.<\/p>\n<p>\u00ab Les membres du comit\u00e9 de direction et mes coll\u00e8gues du conseil d\u2019administration se joignent \u00e0 moi pour offrir \u00e0 M. Fortin nos plus sinc\u00e8res f\u00e9licitations pour l\u2019obtention de ce prix. \u00a0\u00c0 titre de directeur de la qualit\u00e9, \u00e9valuation, performance, \u00e9thique et Lean, il promeut avec conviction \u00e0 travers ses mandats la qualit\u00e9 et l\u2019am\u00e9lioration continue des soins et services que nous offrons \u00e0 la population. Je tiens \u00e0 le remercier chaleureusement pour son engagement \u00e0 l\u2019\u00e9gard de notre organisation. \u00bb<br \/>\n<em>M. Richard Deschamps<\/em><\/p>\n<p>&nbsp;<\/p>\n<p>&nbsp;<\/p>\n","protected":false},"excerpt":{"rendered":"<p>Monsieur Jacques Fortin, directeur de la qualit\u00e9, \u00e9valuation, performance, \u00e9thique et Lean, est le r\u00e9cipiendaire du prix Marielle-Lavall\u00e9e 2019 qui a \u00e9t\u00e9 d\u00e9cern\u00e9 par l\u2019Association des cadres sup\u00e9rieurs de la sant\u00e9 et des services sociaux (ACSSSS). Cette r\u00e9compense souligne l\u2019excellence &hellip; <a href=\"https:\/\/santemc.quebec\/icentre\/le-prix-marielle-lavallee-2019-decerne-a-m-jacques-fortin\/\">Continuer la lecture <span class=\"meta-nav\">&rarr;<\/span><\/a><\/p>\n","protected":false},"author":9,"featured_media":0,"comment_status":"open","ping_status":"closed","sticky":false,"template":"","format":"standard","meta":{"footnotes":""},"categories":[1],"tags":[],"_links":{"self":[{"href":"https:\/\/santemc.quebec\/icentre\/wp-json\/wp\/v2\/posts\/10479"}],"collection":[{"href":"https:\/\/santemc.quebec\/icentre\/wp-json\/wp\/v2\/posts"}],"about":[{"href":"https:\/\/santemc.quebec\/icentre\/wp-json\/wp\/v2\/types\/post"}],"author":[{"embeddable":true,"href":"https:\/\/santemc.quebec\/icentre\/wp-json\/wp\/v2\/users\/9"}],"replies":[{"embeddable":true,"href":"https:\/\/santemc.quebec\/icentre\/wp-json\/wp\/v2\/comments?post=10479"}],"version-history":[{"count":2,"href":"https:\/\/santemc.quebec\/icentre\/wp-json\/wp\/v2\/posts\/10479\/revisions"}],"predecessor-version":[{"id":10483,"href":"https:\/\/santemc.quebec\/icentre\/wp-json\/wp\/v2\/posts\/10479\/revisions\/10483"}],"wp:attachment":[{"href":"https:\/\/santemc.quebec\/icentre\/wp-json\/wp\/v2\/media?parent=10479"}],"wp:term":[{"taxonomy":"category","embeddable":true,"href":"https:\/\/santemc.quebec\/icentre\/wp-json\/wp\/v2\/categories?post=10479"},{"taxonomy":"post_tag","embeddable":true,"href":"https:\/\/santemc.quebec\/icentre\/wp-json\/wp\/v2\/tags?post=10479"}],"curies":[{"name":"wp","href":"https:\/\/api.w.org\/{rel}","templated":true}]}}