{"id":10487,"date":"2019-05-13T13:11:00","date_gmt":"2019-05-13T17:11:00","guid":{"rendered":"http:\/\/santemc.quebec\/icentre\/?p=10487"},"modified":"2019-05-13T13:50:05","modified_gmt":"2019-05-13T17:50:05","slug":"le-guichet-dsm-un-100e-projet","status":"publish","type":"post","link":"https:\/\/santemc.quebec\/icentre\/le-guichet-dsm-un-100e-projet\/","title":{"rendered":"Le Guichet DSM : un 100e projet!"},"content":{"rendered":"<div id=\"attachment_10488\" style=\"width: 310px\" class=\"wp-caption alignleft\"><a href=\"http:\/\/santemc.quebec\/santemc\/icentre\/wp-content\/uploads\/2019\/05\/image1.jpg\"><img aria-describedby=\"caption-attachment-10488\" decoding=\"async\" loading=\"lazy\" class=\"wp-image-10488 size-medium\" src=\"http:\/\/santemc.quebec\/santemc\/icentre\/wp-content\/uploads\/2019\/05\/image1-300x225.jpg\" alt=\"\" width=\"300\" height=\"225\" srcset=\"https:\/\/santemc.quebec\/santemc\/icentre\/wp-content\/uploads\/2019\/05\/image1-300x225.jpg 300w, https:\/\/santemc.quebec\/santemc\/icentre\/wp-content\/uploads\/2019\/05\/image1-768x576.jpg 768w, https:\/\/santemc.quebec\/santemc\/icentre\/wp-content\/uploads\/2019\/05\/image1-1024x768.jpg 1024w, https:\/\/santemc.quebec\/santemc\/icentre\/wp-content\/uploads\/2019\/05\/image1-400x300.jpg 400w, https:\/\/santemc.quebec\/santemc\/icentre\/wp-content\/uploads\/2019\/05\/image1.jpg 1080w\" sizes=\"(max-width: 300px) 100vw, 300px\" \/><\/a><p id=\"caption-attachment-10488\" class=\"wp-caption-text\">Les trois nutritionnistes qui ont soumis le projet : Sylvie Laroche, Genevi\u00e8ve Lasfargues, Caroline Deschamps<\/p><\/div>\n<p>Depuis 2015, la Direction des services multidisciplinaires (DSM) a le mandat d\u2019assurer la qualit\u00e9 et l\u2019\u00e9volution de la pratique professionnelle de fa\u00e7on transversale, \u00e0 travers un r\u00f4le de soutien aupr\u00e8s de pr\u00e8s de 2400 professionnels, qui exercent dans 50 titres d\u2019emploi diff\u00e9rents.<!--more--><\/p>\n<p>Afin de r\u00e9pondre activement \u00e0 l\u2019ensemble des demandes de soutien et de faciliter l\u2019acc\u00e8s \u00e0 l\u2019expertise des conseill\u00e8res et conseiller-cadre, l\u2019\u00e9quipe fonctionne en bureau de projet. La porte d\u2019entr\u00e9e est le Guichet DSM, et les projets soumis doivent \u00eatre approuv\u00e9s par les directions concern\u00e9es. Les projets peuvent notamment viser le d\u00e9veloppement de la pratique, l\u2019organisation du travail, l\u2019acc\u00e8s aux services, ou encore la qualit\u00e9 des pratiques professionnelles.<\/p>\n<p>Tout r\u00e9cemment, nous avons commenc\u00e9 notre 100e projet! Celui-ci a \u00e9t\u00e9 soumis par des nutritionnistes en CLSC qui d\u00e9sirent favoriser un meilleur acc\u00e8s \u00e0 la client\u00e8le du territoire, tout en assurant des services de qualit\u00e9. Il vise \u00e0 d\u00e9velopper et mettre en place des moyens afin d\u2019optimiser le travail, am\u00e9liorer l\u2019acc\u00e8s et r\u00e9pondre plus rapidement et plus efficacement aux besoins des usagers qui requi\u00e8rent des services de nutrition clinique.<\/p>\n<p>Toutes les demandes sont analys\u00e9es en fonction de notre mandat, des priorit\u00e9s organisationnelles et de leur impact pour la qualit\u00e9 de la pratique professionnelle, et chaque projet comporte des livrables pr\u00e9cis et mesurables. Voici quelques exemples de projets re\u00e7us au Guichet DSM :<\/p>\n<ul>\n<li>r\u00e9vision des balises cliniques en sant\u00e9 mentale adulte 2e ligne;<\/li>\n<li>optimisation des d\u00e9lais d&rsquo;acc\u00e8s pour les jeunes en difficult\u00e9 (JED) 0-17 ans;<\/li>\n<li>guide pratique d&rsquo;intervention de l&rsquo;\u00e9ducateur sp\u00e9cialis\u00e9 en CHSLD;<\/li>\n<li>programme de soutien pour la rel\u00e8ve professionnelle;<\/li>\n<li>organisation d\u2019une 2e offre pour client\u00e8le en attente en \u00e9chographie;<\/li>\n<li>harmonisation du cadre de r\u00e9f\u00e9rence des r\u00e9gimes de protection des majeurs;<\/li>\n<li>cadre de r\u00e9f\u00e9rence en r\u00e9adaptation physique et nutrition clinique;<\/li>\n<li>optimisation de la trajectoire d&rsquo;\u00e9valuation pour le TSA;<\/li>\n<li>accueil PTH-PTG en centre ambulatoire de r\u00e9adaptation physique;<\/li>\n<li>d\u00e9veloppement de fiches explicatives pour la scintigraphie.<\/li>\n<\/ul>\n<p>Avec une centaine de projets r\u00e9alis\u00e9s ou en cours de r\u00e9alisation, l\u2019\u00e9quipe de conseillers et conseill\u00e8res \u00e0 la qualit\u00e9 et \u00e0 l\u2019\u00e9volution de la pratique de la Direction des services multidisciplinaires est donc pr\u00eate pour les 100 prochains!<\/p>\n<div id=\"attachment_10489\" style=\"width: 1090px\" class=\"wp-caption alignleft\"><a href=\"http:\/\/santemc.quebec\/santemc\/icentre\/wp-content\/uploads\/2019\/05\/image2.jpg\"><img aria-describedby=\"caption-attachment-10489\" decoding=\"async\" loading=\"lazy\" class=\"wp-image-10489 size-full\" src=\"http:\/\/santemc.quebec\/santemc\/icentre\/wp-content\/uploads\/2019\/05\/image2.jpg\" alt=\"\" width=\"1080\" height=\"648\" srcset=\"https:\/\/santemc.quebec\/santemc\/icentre\/wp-content\/uploads\/2019\/05\/image2.jpg 1080w, https:\/\/santemc.quebec\/santemc\/icentre\/wp-content\/uploads\/2019\/05\/image2-300x180.jpg 300w, https:\/\/santemc.quebec\/santemc\/icentre\/wp-content\/uploads\/2019\/05\/image2-768x461.jpg 768w, https:\/\/santemc.quebec\/santemc\/icentre\/wp-content\/uploads\/2019\/05\/image2-1024x614.jpg 1024w, https:\/\/santemc.quebec\/santemc\/icentre\/wp-content\/uploads\/2019\/05\/image2-500x300.jpg 500w\" sizes=\"(max-width: 1080px) 100vw, 1080px\" \/><\/a><p id=\"caption-attachment-10489\" class=\"wp-caption-text\">L\u2019\u00e9quipe de la direction des services multidisciplinaires : Brigitte Brabant, directrice ; Mich\u00e8le Ouellet, directrice adjointe ; Natalie Racine, conseill\u00e8re cadre ; Alain Viger, conseiller cadre ; Vilma Duval, agente administrative ; Genevi\u00e8ve Dion, conseill\u00e8re cadre, Elizabeth Chittim, conseill\u00e8re cadre.<\/p><\/div>\n<p>Pour plus d\u2019informations, nous vous invitons \u00e0 contacter madame Vilma Duval, au 450 358-2578, poste 8810.<\/p>\n<p>&nbsp;<\/p>\n","protected":false},"excerpt":{"rendered":"<p>Depuis 2015, la Direction des services multidisciplinaires (DSM) a le mandat d\u2019assurer la qualit\u00e9 et l\u2019\u00e9volution de la pratique professionnelle de fa\u00e7on transversale, \u00e0 travers un r\u00f4le de soutien aupr\u00e8s de pr\u00e8s de 2400 professionnels, qui exercent dans 50 titres &hellip; <a href=\"https:\/\/santemc.quebec\/icentre\/le-guichet-dsm-un-100e-projet\/\">Continuer la lecture <span class=\"meta-nav\">&rarr;<\/span><\/a><\/p>\n","protected":false},"author":1,"featured_media":0,"comment_status":"open","ping_status":"closed","sticky":false,"template":"","format":"standard","meta":{"footnotes":""},"categories":[1],"tags":[],"_links":{"self":[{"href":"https:\/\/santemc.quebec\/icentre\/wp-json\/wp\/v2\/posts\/10487"}],"collection":[{"href":"https:\/\/santemc.quebec\/icentre\/wp-json\/wp\/v2\/posts"}],"about":[{"href":"https:\/\/santemc.quebec\/icentre\/wp-json\/wp\/v2\/types\/post"}],"author":[{"embeddable":true,"href":"https:\/\/santemc.quebec\/icentre\/wp-json\/wp\/v2\/users\/1"}],"replies":[{"embeddable":true,"href":"https:\/\/santemc.quebec\/icentre\/wp-json\/wp\/v2\/comments?post=10487"}],"version-history":[{"count":5,"href":"https:\/\/santemc.quebec\/icentre\/wp-json\/wp\/v2\/posts\/10487\/revisions"}],"predecessor-version":[{"id":10500,"href":"https:\/\/santemc.quebec\/icentre\/wp-json\/wp\/v2\/posts\/10487\/revisions\/10500"}],"wp:attachment":[{"href":"https:\/\/santemc.quebec\/icentre\/wp-json\/wp\/v2\/media?parent=10487"}],"wp:term":[{"taxonomy":"category","embeddable":true,"href":"https:\/\/santemc.quebec\/icentre\/wp-json\/wp\/v2\/categories?post=10487"},{"taxonomy":"post_tag","embeddable":true,"href":"https:\/\/santemc.quebec\/icentre\/wp-json\/wp\/v2\/tags?post=10487"}],"curies":[{"name":"wp","href":"https:\/\/api.w.org\/{rel}","templated":true}]}}