{"id":105,"date":"2015-04-30T15:17:12","date_gmt":"2015-04-30T14:17:12","guid":{"rendered":"http:\/\/santemc.quebec\/journal\/?p=105"},"modified":"2015-05-06T17:01:46","modified_gmt":"2015-05-06T16:01:46","slug":"la-ministre-lucie-charlebois-souligne-la-semaine-mondiale-de-la-vaccination","status":"publish","type":"post","link":"https:\/\/santemc.quebec\/icentre\/la-ministre-lucie-charlebois-souligne-la-semaine-mondiale-de-la-vaccination\/","title":{"rendered":"La ministre Lucie Charlebois souligne la Semaine mondiale de la vaccination"},"content":{"rendered":"<p>\u00c0 l\u2019occasion de la Semaine mondiale de la vaccination, qui a pour th\u00e8me cette ann\u00e9e \u00ab\u00a0Combler les lacunes en mati\u00e8re de vaccination\u00a0\u00bb, la ministre d\u00e9l\u00e9gu\u00e9e \u00e0 la R\u00e9adaptation, \u00e0 la Protection de la jeunesse et \u00e0 la Sant\u00e9 publique, madame Lucie Charlebois, rappelle \u00e0 la population l\u2019importance de se faire vacciner, et aussi de s\u2019informer ad\u00e9quatement sur ce sujet afin de prendre une d\u00e9cision \u00e9clair\u00e9e.<!--more--><\/p>\n<div id=\"conteneur\">\n<div id=\"conteneur_page\">\n<div id=\"contenu_milieu\">\n<div id=\"zone_contenu\">\n<p>\u00ab\u00a0Notre objectif est de prot\u00e9ger la population du Qu\u00e9bec des maladies \u00e9vitables par la vaccination qui repr\u00e9sente d\u2019ailleurs la mesure de pr\u00e9vention par excellence pour se pr\u00e9munir contre certaines maladies graves. Au Qu\u00e9bec, nous avons acc\u00e8s \u00e0 l\u2019ensemble des vaccins essentiels pour prot\u00e9ger non seulement les enfants, mais aussi les adolescents et les adultes. C\u2019est une formidable chance que nous avons, et nous devrions toutes et tous la saisir\u00a0\u00bb, a d\u00e9clar\u00e9 madame Lucie Charlebois.<\/p>\n<p>Au Qu\u00e9bec, le calendrier r\u00e9gulier de vaccination comprend une s\u00e9rie de vaccins offerts gratuitement dans le cadre du Programme d\u2019immunisation, de la petite enfance jusqu\u2019\u00e0 la soixantaine et m\u00eame plus. Il est possible d\u2019obtenir plus de pr\u00e9cisions sur les vaccins offerts en s\u2019adressant \u00e0 son m\u00e9decin ou \u00e0 son CLSC. Le calendrier de vaccination peut aussi \u00eatre consult\u00e9 dans Internet, \u00e0 l\u2019adresse suivante\u00a0: <a href=\"http:\/\/sante.gouv.qc.ca\">sante.gouv.qc.ca<\/a><\/p>\n<p>\u00ab\u00a0En cette Semaine mondiale de la vaccination, j\u2019invite la population \u00e0 s\u2019informer sur les avantages et les bienfaits de cette protection pour la sant\u00e9 de tous. Les vaccins sont les outils les plus s\u00fbrs et les plus efficaces de la m\u00e9decine moderne et gr\u00e2ce \u00e0 eux plusieurs maladies aux cons\u00e9quences graves peuvent \u00eatre pr\u00e9venues. La vaccination demeure une mesure de sant\u00e9 publique s\u00e9curitaire et efficace pour lutter contre plusieurs maladies infectieuses\u00a0\u00bb, a ajout\u00e9 la ministre.<\/p>\n<p>Le minist\u00e8re de la Sant\u00e9 et des Services sociaux souhaite d\u00e9mystifier certaines croyances \u00e0 propos de la vaccination. \u00c0 cet effet d\u2019ailleurs, la ministre invite la population \u00e0 visionner le documentaire <em>Vaccins\u00a0: v\u00e9rit\u00e9s et cons\u00e9quences<\/em>, qui sera diffus\u00e9 le jeudi 30 avril prochain, \u00e0 22\u00a0h, sur la cha\u00eene sp\u00e9cialis\u00e9e de Radio-Canada ICI\u00a0Explora. Produit en Australie, il pr\u00e9sente de l\u2019information objective sur la vaccination, appuy\u00e9e sur des faits prouv\u00e9s scientifiquement. Il sera rediffus\u00e9 le 1<sup>er<\/sup> mai \u00e0 17\u00a0h, le 2\u00a0mai \u00e0 10\u00a0h et 19\u00a0h, ainsi que le 4 mai \u00e0 2\u00a0h et 15\u00a0h. Le Minist\u00e8re a \u00e9galement d\u00e9velopp\u00e9 une section d\u00e9di\u00e9e \u00e0 la vaccination sur son site Internet\u00a0<a href=\"http:\/\/sante.gouv.qc.ca\">sante.gouv.qc.ca<\/a>.<\/p>\n<\/div>\n<\/div>\n<\/div>\n<\/div>\n","protected":false},"excerpt":{"rendered":"<p>\u00c0 l\u2019occasion de la Semaine mondiale de la vaccination, qui a pour th\u00e8me cette ann\u00e9e \u00ab\u00a0Combler les lacunes en mati\u00e8re de vaccination\u00a0\u00bb, la ministre d\u00e9l\u00e9gu\u00e9e \u00e0 la R\u00e9adaptation, \u00e0 la Protection de la jeunesse et \u00e0 la Sant\u00e9 publique, madame &hellip; <a href=\"https:\/\/santemc.quebec\/icentre\/la-ministre-lucie-charlebois-souligne-la-semaine-mondiale-de-la-vaccination\/\">Continuer la lecture <span class=\"meta-nav\">&rarr;<\/span><\/a><\/p>\n","protected":false},"author":1,"featured_media":0,"comment_status":"open","ping_status":"closed","sticky":false,"template":"","format":"standard","meta":{"footnotes":""},"categories":[10],"tags":[],"_links":{"self":[{"href":"https:\/\/santemc.quebec\/icentre\/wp-json\/wp\/v2\/posts\/105"}],"collection":[{"href":"https:\/\/santemc.quebec\/icentre\/wp-json\/wp\/v2\/posts"}],"about":[{"href":"https:\/\/santemc.quebec\/icentre\/wp-json\/wp\/v2\/types\/post"}],"author":[{"embeddable":true,"href":"https:\/\/santemc.quebec\/icentre\/wp-json\/wp\/v2\/users\/1"}],"replies":[{"embeddable":true,"href":"https:\/\/santemc.quebec\/icentre\/wp-json\/wp\/v2\/comments?post=105"}],"version-history":[{"count":1,"href":"https:\/\/santemc.quebec\/icentre\/wp-json\/wp\/v2\/posts\/105\/revisions"}],"predecessor-version":[{"id":106,"href":"https:\/\/santemc.quebec\/icentre\/wp-json\/wp\/v2\/posts\/105\/revisions\/106"}],"wp:attachment":[{"href":"https:\/\/santemc.quebec\/icentre\/wp-json\/wp\/v2\/media?parent=105"}],"wp:term":[{"taxonomy":"category","embeddable":true,"href":"https:\/\/santemc.quebec\/icentre\/wp-json\/wp\/v2\/categories?post=105"},{"taxonomy":"post_tag","embeddable":true,"href":"https:\/\/santemc.quebec\/icentre\/wp-json\/wp\/v2\/tags?post=105"}],"curies":[{"name":"wp","href":"https:\/\/api.w.org\/{rel}","templated":true}]}}