{"id":10512,"date":"2019-05-14T09:12:39","date_gmt":"2019-05-14T13:12:39","guid":{"rendered":"http:\/\/santemc.quebec\/icentre\/?p=10512"},"modified":"2019-05-14T13:19:43","modified_gmt":"2019-05-14T17:19:43","slug":"lancement-de-la-nouvelle-version-du-portail-sante-monteregie","status":"publish","type":"post","link":"https:\/\/santemc.quebec\/icentre\/lancement-de-la-nouvelle-version-du-portail-sante-monteregie\/","title":{"rendered":"Lancement de la nouvelle version du Portail Sant\u00e9 Mont\u00e9r\u00e9gie"},"content":{"rendered":"<p><a href=\"http:\/\/santemc.quebec\/santemc\/icentre\/wp-content\/uploads\/2019\/05\/Gabarit_5piastreRECTO.jpg\"><img decoding=\"async\" loading=\"lazy\" class=\"alignleft size-medium wp-image-10515\" src=\"http:\/\/santemc.quebec\/santemc\/icentre\/wp-content\/uploads\/2019\/05\/Gabarit_5piastreRECTO-300x138.jpg\" alt=\"\" width=\"300\" height=\"138\" srcset=\"https:\/\/santemc.quebec\/santemc\/icentre\/wp-content\/uploads\/2019\/05\/Gabarit_5piastreRECTO-300x138.jpg 300w, https:\/\/santemc.quebec\/santemc\/icentre\/wp-content\/uploads\/2019\/05\/Gabarit_5piastreRECTO-768x352.jpg 768w, https:\/\/santemc.quebec\/santemc\/icentre\/wp-content\/uploads\/2019\/05\/Gabarit_5piastreRECTO-1024x469.jpg 1024w, https:\/\/santemc.quebec\/santemc\/icentre\/wp-content\/uploads\/2019\/05\/Gabarit_5piastreRECTO-500x229.jpg 500w, https:\/\/santemc.quebec\/santemc\/icentre\/wp-content\/uploads\/2019\/05\/Gabarit_5piastreRECTO.jpg 1800w\" sizes=\"(max-width: 300px) 100vw, 300px\" \/><\/a>Les Centres int\u00e9gr\u00e9s de sant\u00e9 et de services sociaux (CISSS) de la Mont\u00e9r\u00e9gie (Ouest, Centre et Est) sont fiers de mettre \u00e0 la disposition de leur population qui compte 1,4 million d\u2019habitants une version am\u00e9lior\u00e9e et au go\u00fbt du jour de leur Portail r\u00e9gional, Sant\u00e9 Mont\u00e9r\u00e9gie (<a id=\"LPlnk372748\" href=\"http:\/\/www.santemonteregie.qc.ca\/\" target=\"_blank\" rel=\"noopener noreferrer\" data-auth=\"NotApplicable\">www.santemonteregie.qc.ca<\/a>).<!--more--><\/p>\n<p>Les internautes y retrouvent de l\u2019information sur une centaine de soins et services offerts en Mont\u00e9r\u00e9gie r\u00e9partis dans plus de 220 installations, des conseils sant\u00e9, des nouvelles des trois \u00e9tablissements de la Mont\u00e9r\u00e9gie, ainsi que les offres d\u2019emploi disponibles.<\/p>\n<div style=\"width: 584px;\" class=\"wp-video\"><!--[if lt IE 9]><script>document.createElement('video');<\/script><![endif]-->\n<video class=\"wp-video-shortcode\" id=\"video-10512-1\" width=\"584\" height=\"329\" preload=\"metadata\" controls=\"controls\"><source type=\"video\/mp4\" src=\"http:\/\/santemc.quebec\/santemc\/icentre\/wp-content\/uploads\/2019\/05\/Tout-savoir-sur-santemonterie.qc_.ca-Final.mp4?_=1\" \/><a href=\"http:\/\/santemc.quebec\/santemc\/icentre\/wp-content\/uploads\/2019\/05\/Tout-savoir-sur-santemonterie.qc_.ca-Final.mp4\">http:\/\/santemc.quebec\/santemc\/icentre\/wp-content\/uploads\/2019\/05\/Tout-savoir-sur-santemonterie.qc_.ca-Final.mp4<\/a><\/video><\/div>\n<p>\u00ab\u00a0J&rsquo;invite l&rsquo;ensemble du\u00a0personnel \u00e0 visiter cette nouvelle version optimis\u00e9e du Portail Sant\u00e9 Mont\u00e9r\u00e9gie et d&rsquo;en faire la promotion aupr\u00e8s de la client\u00e8le. Notre site Internet, c&rsquo;est la vitrine de notre \u00e9tablissement et de toutes nos installations sur le Web et c&rsquo;est un incontournable pour pr\u00e9senter notre offre de services \u00e0 la population \u00bb, souligne\u00a0M. Richard Deschamps.<\/p>\n<p><b>Une navigation plus intuitive et adapt\u00e9e aux appareils mobiles<br \/>\n<\/b>La nouvelle mouture du Portail fait place \u00e0 une navigation enti\u00e8rement revue pour r\u00e9pondre davantage aux besoins de la population en lui facilitant l\u2019acc\u00e8s aux informations recherch\u00e9es. Le site au design moderne est con\u00e7u pour s\u2019adapter aux appareils mobiles (<em>responsive<\/em>). De plus, un ciblage de l\u2019information pertinente sur la base du code postal a \u00e9t\u00e9 ajout\u00e9 afin de pr\u00e9senter les services qui sont offerts \u00e0 proximit\u00e9, sans que l\u2019utilisateur ait \u00e0 savoir dans quel territoire de CISSS il se trouve.<\/p>\n<p>Les contenus ont \u00e9t\u00e9 revus afin de garantir un portrait juste des ressources et services disponibles ainsi que des m\u00e9canismes pour y avoir acc\u00e8s.\u00a0La nouvelle plate-forme dispose d\u2019un moteur de recherche efficace qui facilitera l\u2019acc\u00e8s rapide au contenu recherch\u00e9. Une belle place a \u00e9t\u00e9 faite aux chercheurs d\u2019emplois pour qu\u2019ils puissent s\u2019informer et postuler simplement et rapidement parmi les postes disponibles dans l\u2019un des trois CISSS. Le r\u00e9seau de la sant\u00e9 et des services sociaux est un des plus grands employeurs de la Mont\u00e9r\u00e9gie avec plus de 32 000 travailleurs.<\/p>\n<p><b>Un incontournable pour les Mont\u00e9r\u00e9giens<br \/>\n<\/b>Ce site Web, qui existe depuis plus de 18 ans, est un incontournable pour les Mont\u00e9r\u00e9giens qui recherchent de l\u2019information sur les soins et services disponibles dans leur r\u00e9gion, avec plus d\u2019un million de visiteurs par ann\u00e9e. Nous vous invitons \u00e0 le d\u00e9couvrir et \u00e0 nous transmettre vos commentaires en remplissant le sondage en ligne sur la page d\u2019accueil.<\/p>\n<p><strong>Sant\u00e9 Mont\u00e9r\u00e9gie \u00e0 travers les ann\u00e9es!<\/strong><\/p>\n<div id=\"attachment_10519\" style=\"width: 310px\" class=\"wp-caption alignleft\"><a href=\"http:\/\/santemc.quebec\/santemc\/icentre\/wp-content\/uploads\/2019\/05\/SM2001.png\"><img aria-describedby=\"caption-attachment-10519\" decoding=\"async\" loading=\"lazy\" class=\"wp-image-10519 size-medium\" src=\"http:\/\/santemc.quebec\/santemc\/icentre\/wp-content\/uploads\/2019\/05\/SM2001-300x176.png\" alt=\"\" width=\"300\" height=\"176\" srcset=\"https:\/\/santemc.quebec\/santemc\/icentre\/wp-content\/uploads\/2019\/05\/SM2001-300x176.png 300w, https:\/\/santemc.quebec\/santemc\/icentre\/wp-content\/uploads\/2019\/05\/SM2001-768x451.png 768w, https:\/\/santemc.quebec\/santemc\/icentre\/wp-content\/uploads\/2019\/05\/SM2001-500x293.png 500w, https:\/\/santemc.quebec\/santemc\/icentre\/wp-content\/uploads\/2019\/05\/SM2001.png 779w\" sizes=\"(max-width: 300px) 100vw, 300px\" \/><\/a><p id=\"caption-attachment-10519\" class=\"wp-caption-text\">En 2001<\/p><\/div>\n<div id=\"attachment_10520\" style=\"width: 310px\" class=\"wp-caption alignleft\"><a href=\"http:\/\/santemc.quebec\/santemc\/icentre\/wp-content\/uploads\/2019\/05\/SM2004.png\"><img aria-describedby=\"caption-attachment-10520\" decoding=\"async\" loading=\"lazy\" class=\"wp-image-10520 size-medium\" src=\"http:\/\/santemc.quebec\/santemc\/icentre\/wp-content\/uploads\/2019\/05\/SM2004-300x244.png\" alt=\"\" width=\"300\" height=\"244\" srcset=\"https:\/\/santemc.quebec\/santemc\/icentre\/wp-content\/uploads\/2019\/05\/SM2004-300x244.png 300w, https:\/\/santemc.quebec\/santemc\/icentre\/wp-content\/uploads\/2019\/05\/SM2004-768x625.png 768w, https:\/\/santemc.quebec\/santemc\/icentre\/wp-content\/uploads\/2019\/05\/SM2004-369x300.png 369w, https:\/\/santemc.quebec\/santemc\/icentre\/wp-content\/uploads\/2019\/05\/SM2004.png 772w\" sizes=\"(max-width: 300px) 100vw, 300px\" \/><\/a><p id=\"caption-attachment-10520\" class=\"wp-caption-text\">En 2004<\/p><\/div>\n<div id=\"attachment_10518\" style=\"width: 310px\" class=\"wp-caption alignleft\"><a href=\"http:\/\/santemc.quebec\/santemc\/icentre\/wp-content\/uploads\/2019\/05\/SM2009.png\"><img aria-describedby=\"caption-attachment-10518\" decoding=\"async\" loading=\"lazy\" class=\"wp-image-10518 size-medium\" src=\"http:\/\/santemc.quebec\/santemc\/icentre\/wp-content\/uploads\/2019\/05\/SM2009-300x243.png\" alt=\"\" width=\"300\" height=\"243\" srcset=\"https:\/\/santemc.quebec\/santemc\/icentre\/wp-content\/uploads\/2019\/05\/SM2009-300x243.png 300w, https:\/\/santemc.quebec\/santemc\/icentre\/wp-content\/uploads\/2019\/05\/SM2009-768x623.png 768w, https:\/\/santemc.quebec\/santemc\/icentre\/wp-content\/uploads\/2019\/05\/SM2009-370x300.png 370w, https:\/\/santemc.quebec\/santemc\/icentre\/wp-content\/uploads\/2019\/05\/SM2009.png 994w\" sizes=\"(max-width: 300px) 100vw, 300px\" \/><\/a><p id=\"caption-attachment-10518\" class=\"wp-caption-text\">En 2009<\/p><\/div>\n","protected":false},"excerpt":{"rendered":"<p>Les Centres int\u00e9gr\u00e9s de sant\u00e9 et de services sociaux (CISSS) de la Mont\u00e9r\u00e9gie (Ouest, Centre et Est) sont fiers de mettre \u00e0 la disposition de leur population qui compte 1,4 million d\u2019habitants une version am\u00e9lior\u00e9e et au go\u00fbt du jour &hellip; <a href=\"https:\/\/santemc.quebec\/icentre\/lancement-de-la-nouvelle-version-du-portail-sante-monteregie\/\">Continuer la lecture <span class=\"meta-nav\">&rarr;<\/span><\/a><\/p>\n","protected":false},"author":1,"featured_media":0,"comment_status":"open","ping_status":"closed","sticky":false,"template":"","format":"standard","meta":{"footnotes":""},"categories":[1],"tags":[],"_links":{"self":[{"href":"https:\/\/santemc.quebec\/icentre\/wp-json\/wp\/v2\/posts\/10512"}],"collection":[{"href":"https:\/\/santemc.quebec\/icentre\/wp-json\/wp\/v2\/posts"}],"about":[{"href":"https:\/\/santemc.quebec\/icentre\/wp-json\/wp\/v2\/types\/post"}],"author":[{"embeddable":true,"href":"https:\/\/santemc.quebec\/icentre\/wp-json\/wp\/v2\/users\/1"}],"replies":[{"embeddable":true,"href":"https:\/\/santemc.quebec\/icentre\/wp-json\/wp\/v2\/comments?post=10512"}],"version-history":[{"count":7,"href":"https:\/\/santemc.quebec\/icentre\/wp-json\/wp\/v2\/posts\/10512\/revisions"}],"predecessor-version":[{"id":10525,"href":"https:\/\/santemc.quebec\/icentre\/wp-json\/wp\/v2\/posts\/10512\/revisions\/10525"}],"wp:attachment":[{"href":"https:\/\/santemc.quebec\/icentre\/wp-json\/wp\/v2\/media?parent=10512"}],"wp:term":[{"taxonomy":"category","embeddable":true,"href":"https:\/\/santemc.quebec\/icentre\/wp-json\/wp\/v2\/categories?post=10512"},{"taxonomy":"post_tag","embeddable":true,"href":"https:\/\/santemc.quebec\/icentre\/wp-json\/wp\/v2\/tags?post=10512"}],"curies":[{"name":"wp","href":"https:\/\/api.w.org\/{rel}","templated":true}]}}