{"id":10574,"date":"2019-05-17T13:35:24","date_gmt":"2019-05-17T17:35:24","guid":{"rendered":"http:\/\/santemc.quebec\/icentre\/?p=10574"},"modified":"2019-05-17T13:45:26","modified_gmt":"2019-05-17T17:45:26","slug":"pab-une-formation-pour-ouvrir-son-horizon-professionnel","status":"publish","type":"post","link":"https:\/\/santemc.quebec\/icentre\/pab-une-formation-pour-ouvrir-son-horizon-professionnel\/","title":{"rendered":"PAB : une formation pour ouvrir son horizon professionnel"},"content":{"rendered":"<p>Dans le cadre d\u2019un partenariat d\u00e9velopp\u00e9 avec la Commission scolaire des Hautes-Rivi\u00e8res (CSDHR), le CISSS de la Mont\u00e9r\u00e9gie-Centre offre \u00e0 ses employ\u00e9s qui travaillent actuellement comme pr\u00e9pos\u00e9s aux b\u00e9n\u00e9ficiaires la possibilit\u00e9 de suivre un programme de formation sur mesure, pay\u00e9 par l\u2019employeur. Cette formation permet aux PAB de d\u00e9velopper les comp\u00e9tences requises pour travailler au soutien \u00e0 domicile.<\/p>\n<p><!--more--><\/p>\n<p>Le programme comprend 30 heures de cours r\u00e9parties en 10 semaines. \u00c0 la r\u00e9ussite de cette formation, l\u2019employ\u00e9 obtient un dipl\u00f4me d\u2019\u00e9tudes professionnelles reconnu par le minist\u00e8re de l\u2019\u00c9ducation, du Loisir et du Sport et peut alors travailler comme auxiliaire aux services de sant\u00e9 et sociaux (ASSS), ou comme PAB, au sein du CISSS.<\/p>\n<p>Pour participer \u00e0 ce programme, les personnes int\u00e9ress\u00e9es doivent :<\/p>\n<ul>\n<li>Contacter Ariane Desautels par t\u00e9l\u00e9phone ou par courriel avant le 23 mai, 16 h pour mentionner leur int\u00e9r\u00eat \u00e0 suivre la formation : 450 358-2578, poste 3247 ou\u00a0 desautels.cisssmc16@ssss.gouv.qc.ca<\/li>\n<\/ul>\n<p>Il est IMPORTANT de donner son nom complet, num\u00e9ro d\u2019employ\u00e9, num\u00e9ro de t\u00e9l\u00e9phone et adresse courriel personnelle.<\/p>\n<ul>\n<li>\u00catre disponible le 27 ou le 28 mai pour passer une entrevue de s\u00e9lection avec un repr\u00e9sentant de la commission scolaire.<\/li>\n<li>Une fois l\u2019entrevue de s\u00e9lection r\u00e9ussie, les employ\u00e9s doivent \u00eatre disponibles les 13 et 20 juin 2019, en soir\u00e9e, pour commencer la formation. Il n\u2019y aura pas de cours durant l\u2019\u00e9t\u00e9. Les cours reprendront en septembre 2019, \u00e0 raison d\u2019un soir par semaine.<\/li>\n<\/ul>\n<p>Ce programme de formation est offert uniquement aux pr\u00e9pos\u00e9s aux b\u00e9n\u00e9ficiaires du CISSS de la Mont\u00e9r\u00e9gie-Centre. Des formations pour devenir PAB ou ASSS seront ouvertes prochainement \u00e0 d\u2019autres titres d\u2019emploi de l\u2019organisation.<\/p>\n","protected":false},"excerpt":{"rendered":"<p>Dans le cadre d\u2019un partenariat d\u00e9velopp\u00e9 avec la Commission scolaire des Hautes-Rivi\u00e8res (CSDHR), le CISSS de la Mont\u00e9r\u00e9gie-Centre offre \u00e0 ses employ\u00e9s qui travaillent actuellement comme pr\u00e9pos\u00e9s aux b\u00e9n\u00e9ficiaires la possibilit\u00e9 de suivre un programme de formation sur mesure, pay\u00e9 &hellip; <a href=\"https:\/\/santemc.quebec\/icentre\/pab-une-formation-pour-ouvrir-son-horizon-professionnel\/\">Continuer la lecture <span class=\"meta-nav\">&rarr;<\/span><\/a><\/p>\n","protected":false},"author":9,"featured_media":0,"comment_status":"open","ping_status":"closed","sticky":false,"template":"","format":"standard","meta":{"footnotes":""},"categories":[1],"tags":[],"_links":{"self":[{"href":"https:\/\/santemc.quebec\/icentre\/wp-json\/wp\/v2\/posts\/10574"}],"collection":[{"href":"https:\/\/santemc.quebec\/icentre\/wp-json\/wp\/v2\/posts"}],"about":[{"href":"https:\/\/santemc.quebec\/icentre\/wp-json\/wp\/v2\/types\/post"}],"author":[{"embeddable":true,"href":"https:\/\/santemc.quebec\/icentre\/wp-json\/wp\/v2\/users\/9"}],"replies":[{"embeddable":true,"href":"https:\/\/santemc.quebec\/icentre\/wp-json\/wp\/v2\/comments?post=10574"}],"version-history":[{"count":1,"href":"https:\/\/santemc.quebec\/icentre\/wp-json\/wp\/v2\/posts\/10574\/revisions"}],"predecessor-version":[{"id":10575,"href":"https:\/\/santemc.quebec\/icentre\/wp-json\/wp\/v2\/posts\/10574\/revisions\/10575"}],"wp:attachment":[{"href":"https:\/\/santemc.quebec\/icentre\/wp-json\/wp\/v2\/media?parent=10574"}],"wp:term":[{"taxonomy":"category","embeddable":true,"href":"https:\/\/santemc.quebec\/icentre\/wp-json\/wp\/v2\/categories?post=10574"},{"taxonomy":"post_tag","embeddable":true,"href":"https:\/\/santemc.quebec\/icentre\/wp-json\/wp\/v2\/tags?post=10574"}],"curies":[{"name":"wp","href":"https:\/\/api.w.org\/{rel}","templated":true}]}}