{"id":10592,"date":"2019-05-22T10:05:24","date_gmt":"2019-05-22T14:05:24","guid":{"rendered":"http:\/\/santemc.quebec\/icentre\/?p=10592"},"modified":"2019-05-23T15:05:47","modified_gmt":"2019-05-23T19:05:47","slug":"de-nouveaux-fauteuils-pour-les-patients-du-service-dhemodialyse","status":"publish","type":"post","link":"https:\/\/santemc.quebec\/icentre\/de-nouveaux-fauteuils-pour-les-patients-du-service-dhemodialyse\/","title":{"rendered":"De nouveaux fauteuils pour les patients du service d\u2019h\u00e9modialyse"},"content":{"rendered":"<div id=\"attachment_10593\" style=\"width: 160px\" class=\"wp-caption alignleft\"><a href=\"http:\/\/santemc.quebec\/santemc\/icentre\/wp-content\/uploads\/2019\/05\/CBessette.jpg\"><img aria-describedby=\"caption-attachment-10593\" decoding=\"async\" loading=\"lazy\" class=\"size-medium wp-image-10593\" src=\"http:\/\/santemc.quebec\/santemc\/icentre\/wp-content\/uploads\/2019\/05\/CBessette-150x300.jpg\" alt=\"\" width=\"150\" height=\"300\" srcset=\"https:\/\/santemc.quebec\/santemc\/icentre\/wp-content\/uploads\/2019\/05\/CBessette-150x300.jpg 150w, https:\/\/santemc.quebec\/santemc\/icentre\/wp-content\/uploads\/2019\/05\/CBessette.jpg 399w\" sizes=\"(max-width: 150px) 100vw, 150px\" \/><\/a><p id=\"caption-attachment-10593\" class=\"wp-caption-text\">Cynthia Bessette, infirmi\u00e8re aux acc\u00e8s vasculaires<\/p><\/div>\n<p>Le service d\u2019h\u00e9modialyse de l\u2019H\u00f4pital Charles-Le Moyne et ses deux cliniques externes situ\u00e9es \u00e0 Greenfield Park et \u00e0 Saint-Lambert renouvellent l\u2019enti\u00e8ret\u00e9 de leur parc de fauteuils de traitement gr\u00e2ce \u00e0 l\u2019acquisition de 65 nouveaux fauteuils \u00e9lectriques.\u00a0D\u00e9j\u00e0, 21 fauteuils ont \u00e9t\u00e9 install\u00e9s durant la phase 1 du projet de remplacement, au grand bonheur des patients et du personnel. Les deux autres phases seront compl\u00e9t\u00e9es au cours des deux prochaines ann\u00e9es. Les fonds proviennent du budget de remplacement des \u00e9quipements m\u00e9dicaux.<\/p>\n<p><!--more--><\/p>\n<p>Ce projet d\u2019acquisition d\u2019\u00e9quipement permet non seulement d\u2019am\u00e9liorer le confort des patients, mais aussi celui des employ\u00e9s. Les nouveaux fauteuils \u00e9tant munis de syst\u00e8mes \u00e9lectriques contr\u00f4l\u00e9s par leurs utilisateurs, ces derniers b\u00e9n\u00e9ficient d\u2019une plus grande autonomie durant leur traitement. Autre avantage notoire : l\u2019ergonomie des patients et du personnel est grandement am\u00e9lior\u00e9e gr\u00e2ce \u00e0 un plus grand choix de positions, ce qui permet par la m\u00eame occasion l\u2019obtention d\u2019un meilleur confort pour le patient et une meilleure posture durant les soins pour l\u2019employ\u00e9. Il est \u00e0 noter que ce fauteuil est de conception et de fabrication qu\u00e9b\u00e9coise. Un banc d\u2019essai effectu\u00e9 dans un autre \u00e9tablissement a permis d\u2019en am\u00e9liorer la conception selon les commentaires recueillis des patients et du personnel.\u200b<\/p>\n<table>\n<tbody>\n<tr>\n<td><a href=\"http:\/\/santemc.quebec\/santemc\/icentre\/wp-content\/uploads\/2019\/05\/fauteuil_hemodialyse_1.jpg\"><img decoding=\"async\" loading=\"lazy\" class=\"alignright size-medium wp-image-10594\" src=\"http:\/\/santemc.quebec\/santemc\/icentre\/wp-content\/uploads\/2019\/05\/fauteuil_hemodialyse_1-150x300.jpg\" alt=\"\" width=\"150\" height=\"300\" srcset=\"https:\/\/santemc.quebec\/santemc\/icentre\/wp-content\/uploads\/2019\/05\/fauteuil_hemodialyse_1-150x300.jpg 150w, https:\/\/santemc.quebec\/santemc\/icentre\/wp-content\/uploads\/2019\/05\/fauteuil_hemodialyse_1.jpg 316w\" sizes=\"(max-width: 150px) 100vw, 150px\" \/><\/a><\/td>\n<td><a href=\"http:\/\/santemc.quebec\/santemc\/icentre\/wp-content\/uploads\/2019\/05\/fauteuil_hemodialyse_2.jpg\"><img decoding=\"async\" loading=\"lazy\" class=\"alignright size-medium wp-image-10596\" src=\"http:\/\/santemc.quebec\/santemc\/icentre\/wp-content\/uploads\/2019\/05\/fauteuil_hemodialyse_2-150x300.jpg\" alt=\"\" width=\"150\" height=\"300\" srcset=\"https:\/\/santemc.quebec\/santemc\/icentre\/wp-content\/uploads\/2019\/05\/fauteuil_hemodialyse_2-150x300.jpg 150w, https:\/\/santemc.quebec\/santemc\/icentre\/wp-content\/uploads\/2019\/05\/fauteuil_hemodialyse_2.jpg 316w\" sizes=\"(max-width: 150px) 100vw, 150px\" \/><\/a><\/td>\n<td><a href=\"http:\/\/santemc.quebec\/santemc\/icentre\/wp-content\/uploads\/2019\/05\/fauteuil_hemodialyse_2.jpg\"><img decoding=\"async\" loading=\"lazy\" class=\"alignright size-medium wp-image-10596\" src=\"http:\/\/santemc.quebec\/santemc\/icentre\/wp-content\/uploads\/2019\/05\/fauteuil_hemodialyse_3-150x300.jpg\" alt=\"\" width=\"150\" height=\"300\" \/><\/a><\/td>\n<td><\/td>\n<\/tr>\n<\/tbody>\n<\/table>\n","protected":false},"excerpt":{"rendered":"<p>Le service d\u2019h\u00e9modialyse de l\u2019H\u00f4pital Charles-Le Moyne et ses deux cliniques externes situ\u00e9es \u00e0 Greenfield Park et \u00e0 Saint-Lambert renouvellent l\u2019enti\u00e8ret\u00e9 de leur parc de fauteuils de traitement gr\u00e2ce \u00e0 l\u2019acquisition de 65 nouveaux fauteuils \u00e9lectriques.\u00a0D\u00e9j\u00e0, 21 fauteuils ont \u00e9t\u00e9 &hellip; <a href=\"https:\/\/santemc.quebec\/icentre\/de-nouveaux-fauteuils-pour-les-patients-du-service-dhemodialyse\/\">Continuer la lecture <span class=\"meta-nav\">&rarr;<\/span><\/a><\/p>\n","protected":false},"author":9,"featured_media":0,"comment_status":"open","ping_status":"closed","sticky":false,"template":"","format":"standard","meta":{"footnotes":""},"categories":[1],"tags":[],"_links":{"self":[{"href":"https:\/\/santemc.quebec\/icentre\/wp-json\/wp\/v2\/posts\/10592"}],"collection":[{"href":"https:\/\/santemc.quebec\/icentre\/wp-json\/wp\/v2\/posts"}],"about":[{"href":"https:\/\/santemc.quebec\/icentre\/wp-json\/wp\/v2\/types\/post"}],"author":[{"embeddable":true,"href":"https:\/\/santemc.quebec\/icentre\/wp-json\/wp\/v2\/users\/9"}],"replies":[{"embeddable":true,"href":"https:\/\/santemc.quebec\/icentre\/wp-json\/wp\/v2\/comments?post=10592"}],"version-history":[{"count":12,"href":"https:\/\/santemc.quebec\/icentre\/wp-json\/wp\/v2\/posts\/10592\/revisions"}],"predecessor-version":[{"id":10623,"href":"https:\/\/santemc.quebec\/icentre\/wp-json\/wp\/v2\/posts\/10592\/revisions\/10623"}],"wp:attachment":[{"href":"https:\/\/santemc.quebec\/icentre\/wp-json\/wp\/v2\/media?parent=10592"}],"wp:term":[{"taxonomy":"category","embeddable":true,"href":"https:\/\/santemc.quebec\/icentre\/wp-json\/wp\/v2\/categories?post=10592"},{"taxonomy":"post_tag","embeddable":true,"href":"https:\/\/santemc.quebec\/icentre\/wp-json\/wp\/v2\/tags?post=10592"}],"curies":[{"name":"wp","href":"https:\/\/api.w.org\/{rel}","templated":true}]}}