{"id":10700,"date":"2019-05-27T15:41:05","date_gmt":"2019-05-27T19:41:05","guid":{"rendered":"http:\/\/santemc.quebec\/icentre\/?p=10700"},"modified":"2019-05-27T15:41:05","modified_gmt":"2019-05-27T19:41:05","slug":"samedi-8-juin-journee-de-lemploi-pour-les-unites-de-soins-critiques","status":"publish","type":"post","link":"https:\/\/santemc.quebec\/icentre\/samedi-8-juin-journee-de-lemploi-pour-les-unites-de-soins-critiques\/","title":{"rendered":"Samedi 8 juin : Journ\u00e9e de l\u2019emploi pour les unit\u00e9s de soins critiques"},"content":{"rendered":"<p><a href=\"http:\/\/santemc.quebec\/santemc\/icentre\/wp-content\/uploads\/2019\/05\/portes_ouvertes_8juin.jpg\"><img decoding=\"async\" loading=\"lazy\" class=\"size-medium wp-image-10701 alignleft\" src=\"http:\/\/santemc.quebec\/santemc\/icentre\/wp-content\/uploads\/2019\/05\/portes_ouvertes_8juin-300x300.jpg\" alt=\"\" width=\"300\" height=\"300\" srcset=\"https:\/\/santemc.quebec\/santemc\/icentre\/wp-content\/uploads\/2019\/05\/portes_ouvertes_8juin-300x300.jpg 300w, https:\/\/santemc.quebec\/santemc\/icentre\/wp-content\/uploads\/2019\/05\/portes_ouvertes_8juin-150x150.jpg 150w, https:\/\/santemc.quebec\/santemc\/icentre\/wp-content\/uploads\/2019\/05\/portes_ouvertes_8juin-768x768.jpg 768w, https:\/\/santemc.quebec\/santemc\/icentre\/wp-content\/uploads\/2019\/05\/portes_ouvertes_8juin-1024x1024.jpg 1024w, https:\/\/santemc.quebec\/santemc\/icentre\/wp-content\/uploads\/2019\/05\/portes_ouvertes_8juin.jpg 1280w\" sizes=\"(max-width: 300px) 100vw, 300px\" \/><\/a>Le CISSS de la Mont\u00e9r\u00e9gie-Centre organise une journ\u00e9e de l\u2019emploi pour les secteurs de soins critiques (urgences et soins intensifs), le 8 juin prochain de 9 h \u00e0 13 h. L\u2019objectif de cette initiative est de combler les besoins de main-d\u2019\u0153uvre de ces secteurs, tant \u00e0 l\u2019H\u00f4pital Charles-Le Moyne qu\u2019\u00e0 l\u2019H\u00f4pital du Haut-Richelieu. De nombreux emplois de jour, de soir ou de nuit seront disponibles pour les titres suivants\u00a0: infirmi\u00e8res cliniciennes, infirmi\u00e8res, infirmi\u00e8res auxiliaires, candidates \u00e0 l\u2019exercice de la profession infirmi\u00e8re, pr\u00e9pos\u00e9s aux b\u00e9n\u00e9ficiaires et agents administratifs.<\/p>\n<p><!--more--><\/p>\n<p>Les gens int\u00e9ress\u00e9s \u00e0 d\u00e9poser leur candidature peuvent r\u00e9server d\u00e8s maintenant une entrevue sur le site Web <a href=\"http:\/\/www.nousrecrutons.ca\" target=\"_blank\" rel=\"noopener\">www.nousrecrutons.ca<\/a>. Il est \u00e9galement possible de se pr\u00e9senter \u00e0 cette journ\u00e9e de recrutement sans r\u00e9servation. Des visites des secteurs seront organis\u00e9es tout au long de la journ\u00e9e qui aura lieu simultan\u00e9ment dans les deux h\u00f4pitaux.<\/p>\n<p>Si vous connaissez des personnes int\u00e9ress\u00e9es \u00e0 travailler au sein des secteurs des soins critiques, invitez-les \u00e0 la journ\u00e9e de l\u2019emploi du 8 juin! De plus, vous pouvez nous aider \u00e0 recruter en partageant la vid\u00e9o et les publicit\u00e9s de l\u2019activit\u00e9 sur Facebook \u00e0 votre r\u00e9seau. Pour acc\u00e9der \u00e0 nos pages\u00a0:<\/p>\n<ul>\n<li><a href=\"https:\/\/www.facebook.com\/cisssmc\/\" target=\"_blank\" rel=\"noopener\">https:\/\/www.facebook.com\/cisssmc\/\u00a0<\/a><\/li>\n<li><a href=\"https:\/\/www.linkedin.com\/company\/cisssmc\/\" target=\"_blank\" rel=\"noopener\">https:\/\/www.linkedin.com\/company\/cisssmc\/\u00a0<\/a><\/li>\n<\/ul>\n","protected":false},"excerpt":{"rendered":"<p>Le CISSS de la Mont\u00e9r\u00e9gie-Centre organise une journ\u00e9e de l\u2019emploi pour les secteurs de soins critiques (urgences et soins intensifs), le 8 juin prochain de 9 h \u00e0 13 h. L\u2019objectif de cette initiative est de combler les besoins de &hellip; <a href=\"https:\/\/santemc.quebec\/icentre\/samedi-8-juin-journee-de-lemploi-pour-les-unites-de-soins-critiques\/\">Continuer la lecture <span class=\"meta-nav\">&rarr;<\/span><\/a><\/p>\n","protected":false},"author":9,"featured_media":0,"comment_status":"open","ping_status":"closed","sticky":false,"template":"","format":"standard","meta":{"footnotes":""},"categories":[1],"tags":[],"_links":{"self":[{"href":"https:\/\/santemc.quebec\/icentre\/wp-json\/wp\/v2\/posts\/10700"}],"collection":[{"href":"https:\/\/santemc.quebec\/icentre\/wp-json\/wp\/v2\/posts"}],"about":[{"href":"https:\/\/santemc.quebec\/icentre\/wp-json\/wp\/v2\/types\/post"}],"author":[{"embeddable":true,"href":"https:\/\/santemc.quebec\/icentre\/wp-json\/wp\/v2\/users\/9"}],"replies":[{"embeddable":true,"href":"https:\/\/santemc.quebec\/icentre\/wp-json\/wp\/v2\/comments?post=10700"}],"version-history":[{"count":1,"href":"https:\/\/santemc.quebec\/icentre\/wp-json\/wp\/v2\/posts\/10700\/revisions"}],"predecessor-version":[{"id":10702,"href":"https:\/\/santemc.quebec\/icentre\/wp-json\/wp\/v2\/posts\/10700\/revisions\/10702"}],"wp:attachment":[{"href":"https:\/\/santemc.quebec\/icentre\/wp-json\/wp\/v2\/media?parent=10700"}],"wp:term":[{"taxonomy":"category","embeddable":true,"href":"https:\/\/santemc.quebec\/icentre\/wp-json\/wp\/v2\/categories?post=10700"},{"taxonomy":"post_tag","embeddable":true,"href":"https:\/\/santemc.quebec\/icentre\/wp-json\/wp\/v2\/tags?post=10700"}],"curies":[{"name":"wp","href":"https:\/\/api.w.org\/{rel}","templated":true}]}}