{"id":1090,"date":"2015-11-06T14:59:38","date_gmt":"2015-11-06T19:59:38","guid":{"rendered":"http:\/\/santemc.quebec\/icentre\/?p=1090"},"modified":"2015-11-06T15:00:39","modified_gmt":"2015-11-06T20:00:39","slug":"une-belle-vitrine-pour-la-direction-des-services-multidisciplinaires-du-cisss","status":"publish","type":"post","link":"https:\/\/santemc.quebec\/icentre\/une-belle-vitrine-pour-la-direction-des-services-multidisciplinaires-du-cisss\/","title":{"rendered":"Une belle vitrine pour la Direction des services multidisciplinaires du CISSS"},"content":{"rendered":"<p>Le 2 novembre dernier, dans le cadre du colloque de l\u2019Association des conseils multidisciplinaires du Qu\u00e9bec, Mme Lyne Marquis pr\u00e9sentait \u00e0 titre de directrice des services multidisciplinaires la vision novatrice de sa direction. L\u2019\u00e9nergie communicatrice de Mme Marquis, alli\u00e9e \u00e0 une pr\u00e9sentation des plus dynamiques, a ravi et impressionn\u00e9 l\u2019auditoire.<!--more--><\/p>\n<p>Plusieurs organisations sont performantes, mais pas forc\u00e9ment <em>excellentes<\/em>. En s\u2019inspirant des principes de la <em>gouvernance clinique<\/em>, la Direction des services multidisciplinaires (DSM) se positionne comme un acteur cl\u00e9 tant au plan de l\u2019offre de service professionnel \u00e0 la client\u00e8le que de l\u2019am\u00e9lioration continue de la qualit\u00e9 et de l\u2019\u00e9volution de la pratique professionnelle visant la progression de la performance. Aussi, le partenariat de la DSM avec le conseil multidisciplinaire est une combinaison de choix permettant d\u2019unir l\u2019expertise et l\u2019exp\u00e9rience de chacun pour transformer l\u2019excellence individuelle de chaque participant vers une <em>excellence collective<\/em>.<\/p>\n<p>Cette\u00a0 vision rassembleuse a permis \u00e0 notre CISSS de se d\u00e9marquer dans un domaine en effervescence et dans un contexte de changements o\u00f9 les d\u00e9fis ne se comptent plus.<\/p>\n","protected":false},"excerpt":{"rendered":"<p>Le 2 novembre dernier, dans le cadre du colloque de l\u2019Association des conseils multidisciplinaires du Qu\u00e9bec, Mme Lyne Marquis pr\u00e9sentait \u00e0 titre de directrice des services multidisciplinaires la vision novatrice de sa direction. L\u2019\u00e9nergie communicatrice de Mme Marquis, alli\u00e9e \u00e0 &hellip; <a href=\"https:\/\/santemc.quebec\/icentre\/une-belle-vitrine-pour-la-direction-des-services-multidisciplinaires-du-cisss\/\">Continuer la lecture <span class=\"meta-nav\">&rarr;<\/span><\/a><\/p>\n","protected":false},"author":2,"featured_media":0,"comment_status":"open","ping_status":"closed","sticky":false,"template":"","format":"standard","meta":{"footnotes":""},"categories":[1],"tags":[],"_links":{"self":[{"href":"https:\/\/santemc.quebec\/icentre\/wp-json\/wp\/v2\/posts\/1090"}],"collection":[{"href":"https:\/\/santemc.quebec\/icentre\/wp-json\/wp\/v2\/posts"}],"about":[{"href":"https:\/\/santemc.quebec\/icentre\/wp-json\/wp\/v2\/types\/post"}],"author":[{"embeddable":true,"href":"https:\/\/santemc.quebec\/icentre\/wp-json\/wp\/v2\/users\/2"}],"replies":[{"embeddable":true,"href":"https:\/\/santemc.quebec\/icentre\/wp-json\/wp\/v2\/comments?post=1090"}],"version-history":[{"count":4,"href":"https:\/\/santemc.quebec\/icentre\/wp-json\/wp\/v2\/posts\/1090\/revisions"}],"predecessor-version":[{"id":1094,"href":"https:\/\/santemc.quebec\/icentre\/wp-json\/wp\/v2\/posts\/1090\/revisions\/1094"}],"wp:attachment":[{"href":"https:\/\/santemc.quebec\/icentre\/wp-json\/wp\/v2\/media?parent=1090"}],"wp:term":[{"taxonomy":"category","embeddable":true,"href":"https:\/\/santemc.quebec\/icentre\/wp-json\/wp\/v2\/categories?post=1090"},{"taxonomy":"post_tag","embeddable":true,"href":"https:\/\/santemc.quebec\/icentre\/wp-json\/wp\/v2\/tags?post=1090"}],"curies":[{"name":"wp","href":"https:\/\/api.w.org\/{rel}","templated":true}]}}