{"id":10904,"date":"2019-06-04T14:57:56","date_gmt":"2019-06-04T18:57:56","guid":{"rendered":"http:\/\/santemc.quebec\/icentre\/?p=10904"},"modified":"2019-06-05T13:10:56","modified_gmt":"2019-06-05T17:10:56","slug":"flash-ca-les-nouvelles-de-la-seance-du-conseil-dadministration-du-2-fevrier-2017-copy-copy-copy-copy-copy-copy-copy-copy-copy-copy-copy","status":"publish","type":"post","link":"https:\/\/santemc.quebec\/icentre\/flash-ca-les-nouvelles-de-la-seance-du-conseil-dadministration-du-2-fevrier-2017-copy-copy-copy-copy-copy-copy-copy-copy-copy-copy-copy\/","title":{"rendered":"Flash CA \u2013 Les nouvelles de la s\u00e9ance du conseil d\u2019administration du 16 mai 2019"},"content":{"rendered":"<p><strong><img decoding=\"async\" loading=\"lazy\" class=\"alignleft wp-image-1416 size-thumbnail\" src=\"http:\/\/santemc.quebec\/santemc\/icentre\/wp-content\/uploads\/2015\/12\/flashcaicentre-150x150.jpg\" alt=\"flashcaicentre\" width=\"150\" height=\"150\" srcset=\"https:\/\/santemc.quebec\/santemc\/icentre\/wp-content\/uploads\/2015\/12\/flashcaicentre-150x150.jpg 150w, https:\/\/santemc.quebec\/santemc\/icentre\/wp-content\/uploads\/2015\/12\/flashcaicentre-300x300.jpg 300w, https:\/\/santemc.quebec\/santemc\/icentre\/wp-content\/uploads\/2015\/12\/flashcaicentre.jpg 400w\" sizes=\"(max-width: 150px) 100vw, 150px\" \/><\/strong>Le Flash CA revient sur les points d&rsquo;information et les grands dossiers organisationnels qui sont discut\u00e9s aux s\u00e9ances publiques du conseil d\u2019administration du CISSS de la Mont\u00e9r\u00e9gie-Centre.<\/p>\n<p>Consultez aussi la <a href=\"http:\/\/santemc.quebec\/santemc\/icentre\/wp-content\/uploads\/2019\/06\/flash_CA_16mai_mis_page.pdf\" target=\"_blank\" rel=\"noopener\">version PDF du Flash CA<\/a>.<\/p>\n<p><!--more--><\/p>\n<p><span style=\"color: #ff6600;\"><strong>AFFAIRES FINANCI\u00c8RES<br \/>\n<\/strong><\/span><strong>Budget d\u00e9taill\u00e9 2019-2020 (RR-446) et\u00a0plan d&rsquo;\u00e9quilibre budg\u00e9taire<br \/>\n<\/strong>Le conseil d\u2019administration, \u00e0 sa s\u00e9ance du\u00a016\u00a0mai\u00a02019, a adopt\u00e9 le budget d\u00e9taill\u00e9\u00a02019-2020 du CISSS de la Mont\u00e9r\u00e9gie-Centre. Ce budget au montant de 1\u00a0147\u00a0688\u00a0280\u00a0$ respecte l\u2019\u00e9quilibre budg\u00e9taire \u00e0 l\u2019exception du d\u00e9ficit d\u00e9coulant des projets de partenariats publics priv\u00e9s (PPP) au fonds d\u2019immobilisations. Il comprend une mesure de redressement au montant de 2\u00a0076\u00a0690\u00a0$ \u00e0 l\u2019\u00e9gard du d\u00e9ficit r\u00e9gional pr\u00e9vu du projet Optilab, mesure \u00e0 \u00eatre approuv\u00e9e par le MSSS.<\/p>\n<p><strong>R\u00e9sultats financiers pr\u00e9liminaires au 31\u00a0mars 2019<br \/>\n<\/strong>Les membres du conseil d\u2019administration ont \u00e9t\u00e9 inform\u00e9s des r\u00e9sultats pr\u00e9liminaires de l\u2019exercice financier 2018-2019 se terminant le 31 mars 2019 qui font \u00e9tat de l\u2019atteinte de l\u2019\u00e9quilibre budg\u00e9taire avec un surplus d&rsquo;environ 2,6 M$.<strong><br \/>\n<\/strong><\/p>\n<p><strong style=\"color: #ff6600;\">AFFAIRES COURANTES<br \/>\n<\/strong><strong>Conseil des m\u00e9decins, dentistes et pharmaciens (CMDP)<br \/>\n<\/strong>Sur recommandation du comit\u00e9 ex\u00e9cutif du CMDP, le conseil a :<strong><br \/>\n<\/strong><\/p>\n<ul>\n<li>octroy\u00e9 le statut et les privil\u00e8ges de pratique \u00e0 sept m\u00e9decins de famille et un m\u00e9decin sp\u00e9cialiste;<\/li>\n<li>modifi\u00e9 les privil\u00e8ges d\u2019un m\u00e9decin de famille;<\/li>\n<li>pris acte de cinq demandes de cong\u00e9 de service ainsi que des d\u00e9missions de quatre autres membres du CMDP.<\/li>\n<\/ul>\n<p><strong>\u00a0<\/strong><strong>Modifications au permis d\u2019exploitation de l\u2019\u00e9tablissement<br \/>\n<\/strong>Le conseil a approuv\u00e9 les demandes de modification au permis d\u2019exploitation du CISSS de la Mont\u00e9r\u00e9gie-Centre concernant les installations suivantes\u00a0: l\u2019Institut Nazareth et Louis-Braille Berri et le Centre Saint-Lambert. Ces modifications visent \u00e0 refl\u00e9ter leur situation r\u00e9elle au chapitre de leur localisation ou des soins et services qui y sont donn\u00e9s.<\/p>\n<p><strong>Plan d&rsquo;intervention sp\u00e9cifique chaleur extr\u00eame (PISCE) 2019 du CISSS de la Mont\u00e9r\u00e9gie-Centre<br \/>\n<\/strong>Le PISCE 2019 ainsi que les documents en d\u00e9coulant ont \u00e9t\u00e9 mis \u00e0 jour et soumis \u00e0 la consultation de plusieurs directions. \u00c0 la demande du MSSS, il a \u00e9t\u00e9 adopt\u00e9 par le conseil d\u2019administration et lui sera transmis pour le 31 mai 2019.<strong>\u00a0<\/strong><\/p>\n<p><strong>R\u00e8gles de gouvernance<br \/>\n<\/strong>Les r\u00e8glements et politiques suivantes ont \u00e9t\u00e9 soumis \u00e0 l\u2019attention du conseil pour approbation ou adoption\u00a0:<\/p>\n<ul>\n<li>Politique d&rsquo;intervention en mati\u00e8re de gestion de l\u2019agressivit\u00e9<\/li>\n<li>Politique encadrant le processus de budg\u00e9tisation<\/li>\n<li>Modifications apport\u00e9es \u00e0 la Politique d\u2019entreposage et d\u2019utilisation des \u00e9chantillons pharmaceutiques<\/li>\n<li>R\u00e9vision du R\u00e8glement de fonctionnement du comit\u00e9 de gestion des risques<\/li>\n<li>R\u00e9vision du R\u00e8glement sur la r\u00e9gie interne du conseil multidisciplinaire<\/li>\n<li>R\u00e9vision de la Politique sur la protection respiratoire<\/li>\n<li>R\u00e9vision de la Politique sur l&rsquo;hygi\u00e8ne des mains<\/li>\n<li>R\u00e9vision de la Politique interne sur la d\u00e9l\u00e9gation de pouvoirs et de signatures de certains actes, documents, contrats et autres \u00e9crits DL-102<\/li>\n<li>R\u00e9vision de la Politique interne sur les lignes de conduite concernant la gestion des contrats d&rsquo;approvisionnement, de services et de travaux de construction DL-103<\/li>\n<li>R\u00e9vision de la Politique interne sur les contrats de services non soumis \u00e0 l&rsquo;autorisation du dirigeant DL-104<\/li>\n<li>R\u00e9vision de la Politique sur l\u2019accueil et l\u2019int\u00e9gration des nouveaux membres du conseil d\u2019administration<\/li>\n<\/ul>\n<p><strong><span style=\"color: #ff6600;\">PROCHAINE R\u00c9UNION<br \/>\n<\/span><\/strong>La prochaine r\u00e9union se tiendra le mercredi 12 juin, \u00e0 19 h, au 1255, rue Beauregard, \u00e0 Longueuil.<\/p>\n","protected":false},"excerpt":{"rendered":"<p>Le Flash CA revient sur les points d&rsquo;information et les grands dossiers organisationnels qui sont discut\u00e9s aux s\u00e9ances publiques du conseil d\u2019administration du CISSS de la Mont\u00e9r\u00e9gie-Centre. Consultez aussi la version PDF du Flash CA.<\/p>\n","protected":false},"author":1,"featured_media":0,"comment_status":"open","ping_status":"closed","sticky":false,"template":"","format":"standard","meta":{"footnotes":""},"categories":[49],"tags":[51],"_links":{"self":[{"href":"https:\/\/santemc.quebec\/icentre\/wp-json\/wp\/v2\/posts\/10904"}],"collection":[{"href":"https:\/\/santemc.quebec\/icentre\/wp-json\/wp\/v2\/posts"}],"about":[{"href":"https:\/\/santemc.quebec\/icentre\/wp-json\/wp\/v2\/types\/post"}],"author":[{"embeddable":true,"href":"https:\/\/santemc.quebec\/icentre\/wp-json\/wp\/v2\/users\/1"}],"replies":[{"embeddable":true,"href":"https:\/\/santemc.quebec\/icentre\/wp-json\/wp\/v2\/comments?post=10904"}],"version-history":[{"count":6,"href":"https:\/\/santemc.quebec\/icentre\/wp-json\/wp\/v2\/posts\/10904\/revisions"}],"predecessor-version":[{"id":10937,"href":"https:\/\/santemc.quebec\/icentre\/wp-json\/wp\/v2\/posts\/10904\/revisions\/10937"}],"wp:attachment":[{"href":"https:\/\/santemc.quebec\/icentre\/wp-json\/wp\/v2\/media?parent=10904"}],"wp:term":[{"taxonomy":"category","embeddable":true,"href":"https:\/\/santemc.quebec\/icentre\/wp-json\/wp\/v2\/categories?post=10904"},{"taxonomy":"post_tag","embeddable":true,"href":"https:\/\/santemc.quebec\/icentre\/wp-json\/wp\/v2\/tags?post=10904"}],"curies":[{"name":"wp","href":"https:\/\/api.w.org\/{rel}","templated":true}]}}