{"id":112,"date":"2015-05-05T19:22:57","date_gmt":"2015-05-05T18:22:57","guid":{"rendered":"http:\/\/santemc.quebec\/journal\/?p=112"},"modified":"2015-05-06T17:01:46","modified_gmt":"2015-05-06T16:01:46","slug":"le-ministre-barrette-souligne-la-semaine-nationale-de-la-sante-mentale","status":"publish","type":"post","link":"https:\/\/santemc.quebec\/icentre\/le-ministre-barrette-souligne-la-semaine-nationale-de-la-sante-mentale\/","title":{"rendered":"Le ministre Barrette souligne la semaine nationale de la sant\u00e9 mentale"},"content":{"rendered":"<p>Le ministre de la Sant\u00e9 et des Services sociaux, monsieur Ga\u00e9tan Barrette, souligne aujourd\u2019hui le d\u00e9but de la Semaine nationale de la sant\u00e9 mentale, qui se d\u00e9roule cette ann\u00e9e du 4 au 10 mai, sous le th\u00e8me <em>Prenez une pause, d\u00e9gagez votre esprit<\/em>.<!--more--><\/p>\n<div id=\"conteneur\">\n<div id=\"conteneur_page\">\n<div id=\"contenu_milieu\">\n<div id=\"zone_contenu\">\n<p>\u00ab\u00a0Il est vrai que nous prenons rarement le temps de nous arr\u00eater pour r\u00e9fl\u00e9chir \u00e0 l\u2019importance de conserver notre sant\u00e9 mentale. C\u2019est pr\u00e9cis\u00e9ment ce \u00e0 quoi nous convie cette ann\u00e9e l\u2019Association canadienne pour la sant\u00e9 mentale, qui s\u2019emploie \u00e0 donner vie \u00e0 la Semaine nationale de la sant\u00e9 mentale depuis 1952. J\u2019en profite donc pour remercier chaleureusement cet organisme, de m\u00eame que toutes les personnes et organisations qui contribueront aux efforts de sensibilisation au cours des prochains jours\u00a0\u00bb, a d\u00e9clar\u00e9 le ministre Barrette.<\/p>\n<p>En effet, toute la semaine, diverses activit\u00e9s de sensibilisation auront lieu \u00e0 travers le pays. Le ministre Barrette invite la population \u00e0 y participer et, surtout, \u00e0 prendre le temps de r\u00e9fl\u00e9chir \u00e0 l\u2019importance d\u2019adopter des habitudes de vie propices au maintien d\u2019un sain \u00e9quilibre psychologique. Par ailleurs, le minist\u00e8re de la Sant\u00e9 et des Services sociaux r\u00e9alisera l\u2019\u00e9dition 2015 des Journ\u00e9es annuelles de sant\u00e9 mentale les 5 et 6 mai, \u00e0 Montr\u00e9al. Les acteurs concern\u00e9s par la sant\u00e9 mentale de tous les horizons sont appel\u00e9s \u00e0 venir \u00e9changer \u00e0 l\u2019occasion de ce grand rendez-vous annuel issu d\u2019un travail de collaboration entre tous les intervenants du r\u00e9seau de la sant\u00e9 et des services sociaux et leurs partenaires intersectoriels.<\/p>\n<p>\u00ab\u00a0Personne n\u2019est \u00e0 l\u2019abri de la maladie mentale. Tous, autant que nous soyons, pouvons en souffrir au courant de notre vie. C\u2019est pourquoi il importe de nous attarder \u00e0 cette r\u00e9alit\u00e9 et de sensibiliser les Qu\u00e9b\u00e9coises et les Qu\u00e9b\u00e9cois \u00a0aux diff\u00e9rents troubles mentaux, \u00e0 la fois pour favoriser la pr\u00e9vention, \u00a0le diagnostic pr\u00e9coce, la consultation et le r\u00e9tablissement, ainsi que pour combattre les pr\u00e9jug\u00e9s qui peuvent nuire \u00e0 l\u2019ensemble d\u2019une telle d\u00e9marche\u00a0\u00bb, a conclu le ministre Barrette.<\/p>\n<p>Pour obtenir de plus amples renseignements au sujet de la sant\u00e9 mentale, la population est invit\u00e9e \u00e0 consulter le Portail sant\u00e9 mieux-\u00eatre au <a href=\"http:\/\/sante.gouv.qc.ca\/\" target=\"_blank\">sante.gouv.qc.ca<\/a><\/p>\n<\/div>\n<\/div>\n<\/div>\n<\/div>\n","protected":false},"excerpt":{"rendered":"<p>Le ministre de la Sant\u00e9 et des Services sociaux, monsieur Ga\u00e9tan Barrette, souligne aujourd\u2019hui le d\u00e9but de la Semaine nationale de la sant\u00e9 mentale, qui se d\u00e9roule cette ann\u00e9e du 4 au 10 mai, sous le th\u00e8me Prenez une pause, &hellip; <a href=\"https:\/\/santemc.quebec\/icentre\/le-ministre-barrette-souligne-la-semaine-nationale-de-la-sante-mentale\/\">Continuer la lecture <span class=\"meta-nav\">&rarr;<\/span><\/a><\/p>\n","protected":false},"author":1,"featured_media":0,"comment_status":"open","ping_status":"closed","sticky":false,"template":"","format":"standard","meta":{"footnotes":""},"categories":[10],"tags":[],"_links":{"self":[{"href":"https:\/\/santemc.quebec\/icentre\/wp-json\/wp\/v2\/posts\/112"}],"collection":[{"href":"https:\/\/santemc.quebec\/icentre\/wp-json\/wp\/v2\/posts"}],"about":[{"href":"https:\/\/santemc.quebec\/icentre\/wp-json\/wp\/v2\/types\/post"}],"author":[{"embeddable":true,"href":"https:\/\/santemc.quebec\/icentre\/wp-json\/wp\/v2\/users\/1"}],"replies":[{"embeddable":true,"href":"https:\/\/santemc.quebec\/icentre\/wp-json\/wp\/v2\/comments?post=112"}],"version-history":[{"count":5,"href":"https:\/\/santemc.quebec\/icentre\/wp-json\/wp\/v2\/posts\/112\/revisions"}],"predecessor-version":[{"id":117,"href":"https:\/\/santemc.quebec\/icentre\/wp-json\/wp\/v2\/posts\/112\/revisions\/117"}],"wp:attachment":[{"href":"https:\/\/santemc.quebec\/icentre\/wp-json\/wp\/v2\/media?parent=112"}],"wp:term":[{"taxonomy":"category","embeddable":true,"href":"https:\/\/santemc.quebec\/icentre\/wp-json\/wp\/v2\/categories?post=112"},{"taxonomy":"post_tag","embeddable":true,"href":"https:\/\/santemc.quebec\/icentre\/wp-json\/wp\/v2\/tags?post=112"}],"curies":[{"name":"wp","href":"https:\/\/api.w.org\/{rel}","templated":true}]}}