{"id":1161,"date":"2015-11-12T15:54:24","date_gmt":"2015-11-12T20:54:24","guid":{"rendered":"http:\/\/santemc.quebec\/icentre\/?p=1161"},"modified":"2015-11-12T15:59:53","modified_gmt":"2015-11-12T20:59:53","slug":"reorganisation-administrative-et-mise-en-place-du-plan-dencadrement","status":"publish","type":"post","link":"https:\/\/santemc.quebec\/icentre\/reorganisation-administrative-et-mise-en-place-du-plan-dencadrement\/","title":{"rendered":"R\u00e9organisation administrative et mise en place du plan d\u2019encadrement"},"content":{"rendered":"<p>Mesdames, Messieurs,<\/p>\n<p>Suivant la fusion organisationnelle du 1<sup>er<\/sup> avril dernier et la r\u00e9organisation administrative qui en d\u00e9coule, nous vous informons que le comit\u00e9 de direction a r\u00e9cemment approuv\u00e9 le plan d\u2019encadrement pour l\u2019ensemble des secteurs d\u2019activit\u00e9s de l\u2019\u00e9tablissement.<!--more--><\/p>\n<p>Ce plan d\u2019encadrement a r\u00e9cemment \u00e9t\u00e9 pr\u00e9sent\u00e9 aux gestionnaires de tout le CISSS et sera partag\u00e9 aux membres du personnel par les cadres sup\u00e9rieurs concern\u00e9s au cours des prochaines semaines. Des rencontres d\u2019information auront \u00e9galement lieu avec les diff\u00e9rentes instances syndicales et les conseils professionnels de notre \u00e9tablissement dans cette m\u00eame p\u00e9riode.<\/p>\n<p>L\u2019objectif du CISSS de la Mont\u00e9r\u00e9gie-Centre vise \u00e0 compl\u00e9ter l\u2019ensemble du processus de r\u00e9organisation administrative dans les meilleurs d\u00e9lais, soit au courant de l\u2019automne, afin d\u2019assurer la stabilit\u00e9 de l\u2019offre de service clinique pour l\u2019ensemble de nos secteurs d\u2019activit\u00e9s.<\/p>\n<p>Ainsi, mentionnons que le processus de mise en place de la nouvelle structure d\u2019encadrement a permis de replacer les cadres interm\u00e9diaires dans des postes correspondant \u00e0 leur formation et \u00e0 leur expertise. De plus, hier, un certain nombre de postes d\u2019encadrement interm\u00e9diaire ont fait l\u2019objet d\u2019un affichage qui est r\u00e9serv\u00e9 aux cadres du CISSS de la Mont\u00e9r\u00e9gie-Centre consid\u00e9rant qu\u2019il s\u2019agit, soit d\u2019un nouveau poste ou de fonctions substantiellement modifi\u00e9es en lien avec le nouveau plan d\u2019encadrement. Enfin, notons que le processus de dotation des postes d\u2019encadrement administratif sera aussi compl\u00e9t\u00e9 dans les prochaines semaines.<\/p>\n<p>Nous vous remercions de votre attention et nous vous tiendrons inform\u00e9s des prochaines \u00e9tapes entourant tout ce processus de r\u00e9organisation.<\/p>\n<p>Lise Pouliot,<br \/>\nPr\u00e9sidente-directrice g\u00e9n\u00e9rale adjointe<\/p>\n","protected":false},"excerpt":{"rendered":"<p>Mesdames, Messieurs, Suivant la fusion organisationnelle du 1er avril dernier et la r\u00e9organisation administrative qui en d\u00e9coule, nous vous informons que le comit\u00e9 de direction a r\u00e9cemment approuv\u00e9 le plan d\u2019encadrement pour l\u2019ensemble des secteurs d\u2019activit\u00e9s de l\u2019\u00e9tablissement.<\/p>\n","protected":false},"author":1,"featured_media":0,"comment_status":"open","ping_status":"closed","sticky":false,"template":"","format":"standard","meta":{"footnotes":""},"categories":[2],"tags":[],"_links":{"self":[{"href":"https:\/\/santemc.quebec\/icentre\/wp-json\/wp\/v2\/posts\/1161"}],"collection":[{"href":"https:\/\/santemc.quebec\/icentre\/wp-json\/wp\/v2\/posts"}],"about":[{"href":"https:\/\/santemc.quebec\/icentre\/wp-json\/wp\/v2\/types\/post"}],"author":[{"embeddable":true,"href":"https:\/\/santemc.quebec\/icentre\/wp-json\/wp\/v2\/users\/1"}],"replies":[{"embeddable":true,"href":"https:\/\/santemc.quebec\/icentre\/wp-json\/wp\/v2\/comments?post=1161"}],"version-history":[{"count":3,"href":"https:\/\/santemc.quebec\/icentre\/wp-json\/wp\/v2\/posts\/1161\/revisions"}],"predecessor-version":[{"id":1165,"href":"https:\/\/santemc.quebec\/icentre\/wp-json\/wp\/v2\/posts\/1161\/revisions\/1165"}],"wp:attachment":[{"href":"https:\/\/santemc.quebec\/icentre\/wp-json\/wp\/v2\/media?parent=1161"}],"wp:term":[{"taxonomy":"category","embeddable":true,"href":"https:\/\/santemc.quebec\/icentre\/wp-json\/wp\/v2\/categories?post=1161"},{"taxonomy":"post_tag","embeddable":true,"href":"https:\/\/santemc.quebec\/icentre\/wp-json\/wp\/v2\/tags?post=1161"}],"curies":[{"name":"wp","href":"https:\/\/api.w.org\/{rel}","templated":true}]}}