{"id":1177,"date":"2015-11-16T11:16:20","date_gmt":"2015-11-16T16:16:20","guid":{"rendered":"http:\/\/santemc.quebec\/icentre\/?p=1177"},"modified":"2015-11-16T11:17:26","modified_gmt":"2015-11-16T16:17:26","slug":"message-de-solidarite","status":"publish","type":"post","link":"https:\/\/santemc.quebec\/icentre\/message-de-solidarite\/","title":{"rendered":"Message de solidarit\u00e9"},"content":{"rendered":"<p><a href=\"http:\/\/santemc.quebec\/santemc\/icentre\/wp-content\/uploads\/2015\/03\/Richard-Deschamps-2012-001-e1430408854308.jpg\"><img decoding=\"async\" loading=\"lazy\" class=\"alignleft wp-image-107 size-thumbnail\" src=\"http:\/\/santemc.quebec\/santemc\/icentre\/wp-content\/uploads\/2015\/03\/Richard-Deschamps-2012-001-150x150.jpg\" alt=\"Richard Deschamps 2012 001\" width=\"150\" height=\"150\" \/><\/a>Cher (\u00e8re) coll\u00e8gue,<\/p>\n<p>\u00c0 la suite des \u00e9v\u00e9nements tragiques ayant eu lieu \u00e0 Paris cette fin de semaine, c\u2019est au nom des membres du conseil d\u2019administration, du comit\u00e9 de direction et en mon nom personnel que je souhaite adresser un message de solidarit\u00e9 aux membres du personnel et aux m\u00e9decins d\u2019origine fran\u00e7aise qui font partie de notre organisation.<!--more--><\/p>\n<p>En effet, c\u2019est avec beaucoup de sollicitude et d\u2019empathie que nous vous offrons, ainsi qu\u2019aux membres de vos familles et \u00e0 vos compatriotes, nos plus sinc\u00e8res condol\u00e9ances et nos t\u00e9moignages d\u2019amiti\u00e9 et de soutien face \u00e0 ces \u00e9v\u00e9nements.<\/p>\n<p>Que nos meilleures pens\u00e9es de paix et d\u2019harmonie vous accompagnent tout au long de cette p\u00e9riode.<\/p>\n","protected":false},"excerpt":{"rendered":"<p>Cher (\u00e8re) coll\u00e8gue, \u00c0 la suite des \u00e9v\u00e9nements tragiques ayant eu lieu \u00e0 Paris cette fin de semaine, c\u2019est au nom des membres du conseil d\u2019administration, du comit\u00e9 de direction et en mon nom personnel que je souhaite adresser un &hellip; <a href=\"https:\/\/santemc.quebec\/icentre\/message-de-solidarite\/\">Continuer la lecture <span class=\"meta-nav\">&rarr;<\/span><\/a><\/p>\n","protected":false},"author":1,"featured_media":0,"comment_status":"open","ping_status":"closed","sticky":false,"template":"","format":"standard","meta":{"footnotes":""},"categories":[9],"tags":[],"_links":{"self":[{"href":"https:\/\/santemc.quebec\/icentre\/wp-json\/wp\/v2\/posts\/1177"}],"collection":[{"href":"https:\/\/santemc.quebec\/icentre\/wp-json\/wp\/v2\/posts"}],"about":[{"href":"https:\/\/santemc.quebec\/icentre\/wp-json\/wp\/v2\/types\/post"}],"author":[{"embeddable":true,"href":"https:\/\/santemc.quebec\/icentre\/wp-json\/wp\/v2\/users\/1"}],"replies":[{"embeddable":true,"href":"https:\/\/santemc.quebec\/icentre\/wp-json\/wp\/v2\/comments?post=1177"}],"version-history":[{"count":2,"href":"https:\/\/santemc.quebec\/icentre\/wp-json\/wp\/v2\/posts\/1177\/revisions"}],"predecessor-version":[{"id":1179,"href":"https:\/\/santemc.quebec\/icentre\/wp-json\/wp\/v2\/posts\/1177\/revisions\/1179"}],"wp:attachment":[{"href":"https:\/\/santemc.quebec\/icentre\/wp-json\/wp\/v2\/media?parent=1177"}],"wp:term":[{"taxonomy":"category","embeddable":true,"href":"https:\/\/santemc.quebec\/icentre\/wp-json\/wp\/v2\/categories?post=1177"},{"taxonomy":"post_tag","embeddable":true,"href":"https:\/\/santemc.quebec\/icentre\/wp-json\/wp\/v2\/tags?post=1177"}],"curies":[{"name":"wp","href":"https:\/\/api.w.org\/{rel}","templated":true}]}}