{"id":1180,"date":"2015-11-16T03:50:44","date_gmt":"2015-11-16T08:50:44","guid":{"rendered":"http:\/\/santemc.quebec\/icentre\/?p=1180"},"modified":"2015-11-16T14:41:20","modified_gmt":"2015-11-16T19:41:20","slug":"mention-dhonneur-pour-le-departement-dinhalotherapie-de-lhopital-du-haut-richelieu","status":"publish","type":"post","link":"https:\/\/santemc.quebec\/icentre\/mention-dhonneur-pour-le-departement-dinhalotherapie-de-lhopital-du-haut-richelieu\/","title":{"rendered":"Mention d&rsquo;honneur pour le d\u00e9partement d&rsquo;inhaloth\u00e9rapie de l&rsquo;h\u00f4pital du Haut-Richelieu"},"content":{"rendered":"<div id=\"attachment_1181\" style=\"width: 210px\" class=\"wp-caption alignleft\"><a href=\"http:\/\/santemc.quebec\/santemc\/icentre\/wp-content\/uploads\/2015\/11\/DSC_0043.jpg\"><img aria-describedby=\"caption-attachment-1181\" decoding=\"async\" loading=\"lazy\" class=\"wp-image-1181\" src=\"http:\/\/santemc.quebec\/santemc\/icentre\/wp-content\/uploads\/2015\/11\/DSC_0043-300x229.jpg\" alt=\"DSC_0043\" width=\"200\" height=\"89\" \/><\/a><p id=\"caption-attachment-1181\" class=\"wp-caption-text\">\u00c9dith Gagnon, inhalo., Julie Charbonneau, inhalo., Carole Prud&rsquo;homme, Chef des services d&rsquo;inhaloth\u00e9rapie et \u00e9lectrophysilogie,\u00a0Marc Andr\u00e9 Allard, inhalo., Sylvie Raymon, inhalo., Janna Alp\u00e9bovich, inhalo., Katrine Messier,inhalo., et Jos\u00e9e Prud&rsquo;homme, directrice g\u00e9n\u00e9rale de l&rsquo;OPIQ.<\/p><\/div>\n<p>Lors de son 41e congr\u00e8s annuel qui se tenait les 6 et 7 novembre dernier, l\u2019Ordre professionnel des inhaloth\u00e9rapeute du Qu\u00e9bec (OPIQ) a remis au d\u00e9partement d&rsquo;inhaloth\u00e9rapie de l&rsquo;h\u00f4pital du Haut-Richelieu, une mention d&rsquo;honneur pour son activit\u00e9 \u00ab portes ouvertes \u00bb de 2014. L&rsquo;\u00e9quipe s&rsquo;est m\u00e9rit\u00e9e une plaque comm\u00e9morative ainsi qu&rsquo;une bourse de formation continue de\u00a02 000 $ offerte par la F\u00e9d\u00e9ration de la sant\u00e9 et des services sociaux \u2013 Conf\u00e9d\u00e9ration des syndicats nationaux (FSSS-CSN). Plusieurs inhaloth\u00e9rapeutes \u00e9taient pr\u00e9sents afin de recevoir ce prix prestigieux.<!--more--><\/p>\n<p>Annuellement, l&rsquo;OPIQ encourage les inhaloth\u00e9rapeutes \u00e0 planifier dans leur r\u00e9gion une ou des activit\u00e9s de promotion de la profession aupr\u00e8s du public durant la Semaine de l\u2019inhaloth\u00e9rapeute qui se tient \u00e0 l\u2019automne. Les activit\u00e9s de sensibilisation de la profession doivent s\u2019adresser au \u00ab grand public \u00bb, \u00eatre originales et obtenir de la visibilit\u00e9.<\/p>\n<p>Les inhaloth\u00e9rapeutes de Saint-Jean-sur-Richelieu ont pour leur part organis\u00e9 en 2014 une journ\u00e9e \u00ab portes ouvertes \u00bb qui visait \u00e0 faire connaitre leur profession en pr\u00e9sentant toutes les facettes du m\u00e9tier d&rsquo;inhaloth\u00e9rapeutes. Personnel, m\u00e9decin, population s&rsquo;y sont pr\u00e9sent\u00e9s en grand nombre.<\/p>\n","protected":false},"excerpt":{"rendered":"<p>Lors de son 41e congr\u00e8s annuel qui se tenait les 6 et 7 novembre dernier, l\u2019Ordre professionnel des inhaloth\u00e9rapeute du Qu\u00e9bec (OPIQ) a remis au d\u00e9partement d&rsquo;inhaloth\u00e9rapie de l&rsquo;h\u00f4pital du Haut-Richelieu, une mention d&rsquo;honneur pour son activit\u00e9 \u00ab portes ouvertes &hellip; <a href=\"https:\/\/santemc.quebec\/icentre\/mention-dhonneur-pour-le-departement-dinhalotherapie-de-lhopital-du-haut-richelieu\/\">Continuer la lecture <span class=\"meta-nav\">&rarr;<\/span><\/a><\/p>\n","protected":false},"author":1,"featured_media":0,"comment_status":"open","ping_status":"closed","sticky":false,"template":"","format":"standard","meta":{"footnotes":""},"categories":[1],"tags":[18],"_links":{"self":[{"href":"https:\/\/santemc.quebec\/icentre\/wp-json\/wp\/v2\/posts\/1180"}],"collection":[{"href":"https:\/\/santemc.quebec\/icentre\/wp-json\/wp\/v2\/posts"}],"about":[{"href":"https:\/\/santemc.quebec\/icentre\/wp-json\/wp\/v2\/types\/post"}],"author":[{"embeddable":true,"href":"https:\/\/santemc.quebec\/icentre\/wp-json\/wp\/v2\/users\/1"}],"replies":[{"embeddable":true,"href":"https:\/\/santemc.quebec\/icentre\/wp-json\/wp\/v2\/comments?post=1180"}],"version-history":[{"count":9,"href":"https:\/\/santemc.quebec\/icentre\/wp-json\/wp\/v2\/posts\/1180\/revisions"}],"predecessor-version":[{"id":1190,"href":"https:\/\/santemc.quebec\/icentre\/wp-json\/wp\/v2\/posts\/1180\/revisions\/1190"}],"wp:attachment":[{"href":"https:\/\/santemc.quebec\/icentre\/wp-json\/wp\/v2\/media?parent=1180"}],"wp:term":[{"taxonomy":"category","embeddable":true,"href":"https:\/\/santemc.quebec\/icentre\/wp-json\/wp\/v2\/categories?post=1180"},{"taxonomy":"post_tag","embeddable":true,"href":"https:\/\/santemc.quebec\/icentre\/wp-json\/wp\/v2\/tags?post=1180"}],"curies":[{"name":"wp","href":"https:\/\/api.w.org\/{rel}","templated":true}]}}