{"id":119,"date":"2015-05-06T16:38:21","date_gmt":"2015-05-06T15:38:21","guid":{"rendered":"http:\/\/santemc.quebec\/journal\/?p=119"},"modified":"2015-07-01T15:47:06","modified_gmt":"2015-07-01T19:47:06","slug":"nomination-de-la-directrice-des-services-professionnels","status":"publish","type":"post","link":"https:\/\/santemc.quebec\/icentre\/nomination-de-la-directrice-des-services-professionnels\/","title":{"rendered":"Nomination de la Directrice des services professionnels"},"content":{"rendered":"<p>C\u2019est avec plaisir que je vous annonce la nomination de docteure Sylvie Tardif au poste de directrice des services professionnels pour le CISSS de la Mont\u00e9r\u00e9gie-Centre. Docteure Tardif est m\u00e9decin sp\u00e9cialiste en oto-rhino-laryngologie dipl\u00f4m\u00e9e de la facult\u00e9 de m\u00e9decine de l\u2019Universit\u00e9 de Sherbrooke. Depuis 2013, elle \u00e9tait directrice des affaires m\u00e9dicales, universitaires et des partenariats professionnels \u00e0 l\u2019Agence de la sant\u00e9 et des services sociaux de la Mont\u00e9r\u00e9gie. Auparavant, elle a \u00e9t\u00e9 successivement chef du d\u00e9partement de chirurgie, directrice des services professionnels et hospitaliers, et directrice des affaires m\u00e9dicales au CSSS de la Haute-Yamaska, de m\u00eame que m\u00e9decin-conseil \u00e0 l\u2019Agence de la sant\u00e9 et des services sociaux de la Mont\u00e9r\u00e9gie. Docteure Tardif effectue \u00e9galement de l\u2019enseignement clinique depuis 25 ans aupr\u00e8s d\u2019\u00e9tudiants en m\u00e9decine et de r\u00e9sidents en ORL \u00e0 la Facult\u00e9 de m\u00e9decine de l\u2019Universit\u00e9 de Sherbrooke.<!--more--><\/p>\n<p>Docteure Tardif est reconnue pour sa grande rigueur professionnelle, son excellent jugement, sa vision du service \u00e0 la client\u00e8le et sa connaissance approfondie des d\u00e9fis et enjeux cliniques, m\u00e9dicaux et administratifs au sein des \u00e9tablissements de sant\u00e9 et de services sociaux. Sa vaste exp\u00e9rience de divers dossiers prioritaires tels que les plans d\u2019effectifs m\u00e9dicaux, l\u2019am\u00e9lioration de l\u2019accessibilit\u00e9 \u00e0 la premi\u00e8re ligne et le plan de rapatriement de la client\u00e8le 514-450 sera un atout pr\u00e9cieux dans l\u2019organisation des services du CISSS de la Mont\u00e9r\u00e9gie-Centre.<\/p>\n<p>Nous sommes tr\u00e8s heureux qu\u2019elle se joigne \u00e0 l\u2019\u00e9quipe de direction du CISSS de la Mont\u00e9r\u00e9gie-Centre et nous lui souhaitons la meilleure des chances dans l\u2019exercice de ses nouvelles fonctions et tout le succ\u00e8s voulu dans la poursuite de sa carri\u00e8re.<\/p>\n","protected":false},"excerpt":{"rendered":"<p>C\u2019est avec plaisir que je vous annonce la nomination de docteure Sylvie Tardif au poste de directrice des services professionnels pour le CISSS de la Mont\u00e9r\u00e9gie-Centre. Docteure Tardif est m\u00e9decin sp\u00e9cialiste en oto-rhino-laryngologie dipl\u00f4m\u00e9e de la facult\u00e9 de m\u00e9decine de &hellip; <a href=\"https:\/\/santemc.quebec\/icentre\/nomination-de-la-directrice-des-services-professionnels\/\">Continuer la lecture <span class=\"meta-nav\">&rarr;<\/span><\/a><\/p>\n","protected":false},"author":1,"featured_media":0,"comment_status":"open","ping_status":"closed","sticky":false,"template":"","format":"standard","meta":{"footnotes":""},"categories":[2],"tags":[8],"_links":{"self":[{"href":"https:\/\/santemc.quebec\/icentre\/wp-json\/wp\/v2\/posts\/119"}],"collection":[{"href":"https:\/\/santemc.quebec\/icentre\/wp-json\/wp\/v2\/posts"}],"about":[{"href":"https:\/\/santemc.quebec\/icentre\/wp-json\/wp\/v2\/types\/post"}],"author":[{"embeddable":true,"href":"https:\/\/santemc.quebec\/icentre\/wp-json\/wp\/v2\/users\/1"}],"replies":[{"embeddable":true,"href":"https:\/\/santemc.quebec\/icentre\/wp-json\/wp\/v2\/comments?post=119"}],"version-history":[{"count":4,"href":"https:\/\/santemc.quebec\/icentre\/wp-json\/wp\/v2\/posts\/119\/revisions"}],"predecessor-version":[{"id":490,"href":"https:\/\/santemc.quebec\/icentre\/wp-json\/wp\/v2\/posts\/119\/revisions\/490"}],"wp:attachment":[{"href":"https:\/\/santemc.quebec\/icentre\/wp-json\/wp\/v2\/media?parent=119"}],"wp:term":[{"taxonomy":"category","embeddable":true,"href":"https:\/\/santemc.quebec\/icentre\/wp-json\/wp\/v2\/categories?post=119"},{"taxonomy":"post_tag","embeddable":true,"href":"https:\/\/santemc.quebec\/icentre\/wp-json\/wp\/v2\/tags?post=119"}],"curies":[{"name":"wp","href":"https:\/\/api.w.org\/{rel}","templated":true}]}}