{"id":1191,"date":"2015-11-16T09:56:48","date_gmt":"2015-11-16T14:56:48","guid":{"rendered":"http:\/\/santemc.quebec\/icentre\/?p=1191"},"modified":"2015-11-17T10:33:45","modified_gmt":"2015-11-17T15:33:45","slug":"lancement-du-rapport-du-directeur-de-sante-publique-de-la-monteregie-2015-la-vaccination-remettre-les-pendules-a-lheure","status":"publish","type":"post","link":"https:\/\/santemc.quebec\/icentre\/lancement-du-rapport-du-directeur-de-sante-publique-de-la-monteregie-2015-la-vaccination-remettre-les-pendules-a-lheure\/","title":{"rendered":"Lancement du rapport du directeur de sant\u00e9 publique de la Mont\u00e9r\u00e9gie 2015 &#8211; La vaccination : remettre les pendules \u00e0 l\u2019heure"},"content":{"rendered":"<p><img decoding=\"async\" loading=\"lazy\" class=\"alignleft\" src=\"http:\/\/extranet.santemonteregie.qc.ca\/userfiles\/image\/sante-publique\/la-direction\/Rapport-directeur-2015.png\" alt=\"\" width=\"123\" height=\"158\" \/>Bonjour,<\/p>\n<p>C\u2019est avec fiert\u00e9 que je vous pr\u00e9sente le rapport du directeur de sant\u00e9 publique de la Mont\u00e9r\u00e9gie 2015 qui a pour but de remettre les pendules \u00e0 l\u2019heure au sujet de la vaccination. Lanc\u00e9 aujourd\u2019hui en conf\u00e9rence de presse, le rapport met en lumi\u00e8re une des priorit\u00e9s r\u00e9gionales de sant\u00e9 publique pour les ann\u00e9es \u00e0 venir.<!--more--><\/p>\n<p>Pourquoi, en 2015, devons-nous continuer \u00e0 rappeler les bienfaits de la vaccination? Parce que la pertinence de cette intervention sanitaire est r\u00e9guli\u00e8rement remise en question dans les m\u00e9dias et sur les r\u00e9seaux sociaux. Parce que la population qui cherche \u00e0 en savoir davantage sur cette mesure est davantage confront\u00e9e \u00e0 des opinions qu\u2019\u00e0 de l\u2019information fond\u00e9e sur des donn\u00e9es probantes. Et parce que la vaccination est si efficace que certaines maladies sont devenues moins pr\u00e9sentes, ce qui laisse une fausse impression de s\u00e9curit\u00e9.<\/p>\n<p>Pour toutes ces raisons, il nous appara\u00eet important de parler des succ\u00e8s de la vaccination, de son apport dans l\u2019histoire et de rappeler son r\u00f4le-cl\u00e9 dans la protection de la population contre des maladies tr\u00e8s contagieuses susceptibles d\u2019entra\u00eener des d\u00e9c\u00e8s ou de laisser de graves s\u00e9quelles.<\/p>\n<p>Le rapport s\u2019adresse principalement \u00e0 vous, professionnels de la sant\u00e9, puisque vous jouez un r\u00f4le essentiel dans le d\u00e9veloppement et la pr\u00e9servation de la confiance de la population envers la vaccination. Pour vous soutenir dans cette t\u00e2che, la Direction de sant\u00e9 publique de la Mont\u00e9r\u00e9gie souhaite vous outiller davantage pour vous permettre de r\u00e9pondre aux interrogations des patients. La Direction entend \u00e9galement travailler avec les \u00e9tablissements pour que l\u2019offre de services en vaccination r\u00e9ponde le mieux possible aux besoins de la population.<\/p>\n<p>En terminant, je tiens \u00e0 remercier tous ceux et celles qui ont contribu\u00e9 \u00e0 la r\u00e9daction de ce rapport. Je vous invite tous \u00e0 prendre connaissance du document qui a \u00e9t\u00e9 d\u00e9pos\u00e9 sur l\u2019extranet. Une version abr\u00e9g\u00e9e du rapport sera \u00e9galement disponible sous peu.<\/p>\n<p>Pour consulter le rapport du directeur de sant\u00e9 publique de la Mont\u00e9r\u00e9gie 2015, rendez vous sur notre site <a href=\"http:\/\/extranet.santemonteregie.qc.ca\/sante-publique\/maladies-infectieuses\/vaccination\/index.fr.html\" target=\"_blank\">Extranet<\/a>.<\/p>\n<p>Dr Jean Rodrigue,<br \/>\nDirecteur de sant\u00e9 publique de la Mont\u00e9r\u00e9gie<\/p>\n","protected":false},"excerpt":{"rendered":"<p>Bonjour, C\u2019est avec fiert\u00e9 que je vous pr\u00e9sente le rapport du directeur de sant\u00e9 publique de la Mont\u00e9r\u00e9gie 2015 qui a pour but de remettre les pendules \u00e0 l\u2019heure au sujet de la vaccination. Lanc\u00e9 aujourd\u2019hui en conf\u00e9rence de presse, &hellip; <a href=\"https:\/\/santemc.quebec\/icentre\/lancement-du-rapport-du-directeur-de-sante-publique-de-la-monteregie-2015-la-vaccination-remettre-les-pendules-a-lheure\/\">Continuer la lecture <span class=\"meta-nav\">&rarr;<\/span><\/a><\/p>\n","protected":false},"author":1,"featured_media":0,"comment_status":"open","ping_status":"closed","sticky":false,"template":"","format":"standard","meta":{"footnotes":""},"categories":[1],"tags":[],"_links":{"self":[{"href":"https:\/\/santemc.quebec\/icentre\/wp-json\/wp\/v2\/posts\/1191"}],"collection":[{"href":"https:\/\/santemc.quebec\/icentre\/wp-json\/wp\/v2\/posts"}],"about":[{"href":"https:\/\/santemc.quebec\/icentre\/wp-json\/wp\/v2\/types\/post"}],"author":[{"embeddable":true,"href":"https:\/\/santemc.quebec\/icentre\/wp-json\/wp\/v2\/users\/1"}],"replies":[{"embeddable":true,"href":"https:\/\/santemc.quebec\/icentre\/wp-json\/wp\/v2\/comments?post=1191"}],"version-history":[{"count":5,"href":"https:\/\/santemc.quebec\/icentre\/wp-json\/wp\/v2\/posts\/1191\/revisions"}],"predecessor-version":[{"id":1202,"href":"https:\/\/santemc.quebec\/icentre\/wp-json\/wp\/v2\/posts\/1191\/revisions\/1202"}],"wp:attachment":[{"href":"https:\/\/santemc.quebec\/icentre\/wp-json\/wp\/v2\/media?parent=1191"}],"wp:term":[{"taxonomy":"category","embeddable":true,"href":"https:\/\/santemc.quebec\/icentre\/wp-json\/wp\/v2\/categories?post=1191"},{"taxonomy":"post_tag","embeddable":true,"href":"https:\/\/santemc.quebec\/icentre\/wp-json\/wp\/v2\/tags?post=1191"}],"curies":[{"name":"wp","href":"https:\/\/api.w.org\/{rel}","templated":true}]}}