{"id":1194,"date":"2015-11-16T15:19:11","date_gmt":"2015-11-16T20:19:11","guid":{"rendered":"http:\/\/santemc.quebec\/icentre\/?p=1194"},"modified":"2015-11-16T15:23:38","modified_gmt":"2015-11-16T20:23:38","slug":"un-lieu-de-rencontres-au-salon-de-promotion-de-la-sante","status":"publish","type":"post","link":"https:\/\/santemc.quebec\/icentre\/un-lieu-de-rencontres-au-salon-de-promotion-de-la-sante\/","title":{"rendered":"Un lieu de rencontres au Salon de promotion de la sant\u00e9"},"content":{"rendered":"<div id=\"attachment_1195\" style=\"width: 160px\" class=\"wp-caption alignleft\"><img aria-describedby=\"caption-attachment-1195\" decoding=\"async\" loading=\"lazy\" class=\"wp-image-1195 size-thumbnail\" src=\"http:\/\/santemc.quebec\/santemc\/icentre\/wp-content\/uploads\/2015\/11\/Photo_ministre-150x150.jpg\" alt=\"Photo_ministre\" width=\"150\" height=\"150\" \/><p id=\"caption-attachment-1195\" class=\"wp-caption-text\">De gauche \u00e0 droite\u00a0: Denise Laplante et Jennifer Legge, Centre jeunesse du CISSS de la Mont\u00e9r\u00e9gie-Est, Nathalie Ruest, Direction de sant\u00e9 publique du CISSS de la Mont\u00e9r\u00e9gie-Centre, Martin Labelle, Centre jeunesses du CISSS de la Mont\u00e9r\u00e9gie-Est, Dr Ga\u00e9tan Barette, MSSS, Jean-Paul Gagn\u00e9, Direction de sant\u00e9 publique du CISSS de la Mont\u00e9r\u00e9gie-Centre et Colin J. Coole, directeur de l\u2019organisme ARC.<\/p><\/div>\n<p>La sant\u00e9 publique de notre CISSS \u00e9tait au rendez-vous le 7 novembre dernier dans le cadre de la deuxi\u00e8me \u00e9dition du Salon de promotion de la sant\u00e9 tenu cette ann\u00e9e \u00e0 Chateauguay. Pour l\u2019occasion, nos intervenants ont eu l\u2019occasion de rencontrer le Dr Ga\u00e9tan Barette, ministre de la Sant\u00e9 et des Services sociaux, venu saluer l\u2019initiative qui a rassembl\u00e9 pr\u00e8s de 40 exposants partenaires de la sant\u00e9 et accueilli des participants de partout en Mont\u00e9r\u00e9gie.<!--more--><\/p>\n<p>R\u00e9alis\u00e9 conjointement par l\u2019organisme <em>Assistance and Referral Centre (ARC)<\/em> et la Table r\u00e9gionale des partenaires en sant\u00e9 et services sociaux d\u2019expression anglaise de la Mont\u00e9r\u00e9gie, le Salon vise notamment \u00e0 regrouper sous un m\u00eame toit les services et activit\u00e9s offertes en langue anglaise \u00e0 la population de la Mont\u00e9r\u00e9gie. Lors de son passage, le ministre a par ailleurs soulign\u00e9 l\u2019importance de l\u2019accessibilit\u00e9 \u00e0 ces services de m\u00eame que celle de briser les silos par le d\u00e9veloppement de partenariats intersectoriels.<\/p>\n<p>Dans le r\u00e9seau local de services Champlain, qui comprend les villes de Brossard, Saint-Lambert, Saint-Hubert, Lemoyne et Greenfield Park, une proportion de 22 % se compose de la communaut\u00e9 anglophone. \u00c0 cet effet, plusieurs activit\u00e9s dans toutes les missions de ce territoire sont offertes \u00e0 la population en langue anglaise.<\/p>\n<p>En plus de promouvoir certains de nos services, dont la vaccination, le Programme qu\u00e9b\u00e9cois de d\u00e9pistage du cancer du sein et nos activit\u00e9s de pr\u00e9vention, la pr\u00e9sence de nos intervenants de sant\u00e9 publique a \u00e9galement donn\u00e9 lieu \u00e0 de beaux \u00e9changes avec nos partenaires mont\u00e9r\u00e9giens.<\/p>\n<div id=\"attachment_1196\" style=\"width: 235px\" class=\"wp-caption alignnone\"><a href=\"http:\/\/santemc.quebec\/santemc\/icentre\/wp-content\/uploads\/2015\/11\/Photo_stand.jpg\"><img aria-describedby=\"caption-attachment-1196\" decoding=\"async\" loading=\"lazy\" class=\"wp-image-1196 size-medium\" src=\"http:\/\/santemc.quebec\/santemc\/icentre\/wp-content\/uploads\/2015\/11\/Photo_stand-225x300.jpg\" alt=\"Photo_stand\" width=\"225\" height=\"300\" srcset=\"https:\/\/santemc.quebec\/santemc\/icentre\/wp-content\/uploads\/2015\/11\/Photo_stand-225x300.jpg 225w, https:\/\/santemc.quebec\/santemc\/icentre\/wp-content\/uploads\/2015\/11\/Photo_stand.jpg 480w\" sizes=\"(max-width: 225px) 100vw, 225px\" \/><\/a><p id=\"caption-attachment-1196\" class=\"wp-caption-text\">Les intervenants du stand du CISSS de la Mont\u00e9r\u00e9gie-Centre, de gauche \u00e0 droite\u00a0: Nathalie Ruest, Jean-Paul Gagn\u00e9 et Dr Jean Rodrigue, Direction de sant\u00e9 publique; \u00c9milie Bergeron, programme de langue anglaise, Janine Mendicino et Catherine Lambert, Direction Programme jeunesse.<\/p><\/div>\n","protected":false},"excerpt":{"rendered":"<p>La sant\u00e9 publique de notre CISSS \u00e9tait au rendez-vous le 7 novembre dernier dans le cadre de la deuxi\u00e8me \u00e9dition du Salon de promotion de la sant\u00e9 tenu cette ann\u00e9e \u00e0 Chateauguay. Pour l\u2019occasion, nos intervenants ont eu l\u2019occasion de &hellip; <a href=\"https:\/\/santemc.quebec\/icentre\/un-lieu-de-rencontres-au-salon-de-promotion-de-la-sante\/\">Continuer la lecture <span class=\"meta-nav\">&rarr;<\/span><\/a><\/p>\n","protected":false},"author":2,"featured_media":0,"comment_status":"open","ping_status":"closed","sticky":false,"template":"","format":"standard","meta":{"footnotes":""},"categories":[1],"tags":[],"_links":{"self":[{"href":"https:\/\/santemc.quebec\/icentre\/wp-json\/wp\/v2\/posts\/1194"}],"collection":[{"href":"https:\/\/santemc.quebec\/icentre\/wp-json\/wp\/v2\/posts"}],"about":[{"href":"https:\/\/santemc.quebec\/icentre\/wp-json\/wp\/v2\/types\/post"}],"author":[{"embeddable":true,"href":"https:\/\/santemc.quebec\/icentre\/wp-json\/wp\/v2\/users\/2"}],"replies":[{"embeddable":true,"href":"https:\/\/santemc.quebec\/icentre\/wp-json\/wp\/v2\/comments?post=1194"}],"version-history":[{"count":3,"href":"https:\/\/santemc.quebec\/icentre\/wp-json\/wp\/v2\/posts\/1194\/revisions"}],"predecessor-version":[{"id":1199,"href":"https:\/\/santemc.quebec\/icentre\/wp-json\/wp\/v2\/posts\/1194\/revisions\/1199"}],"wp:attachment":[{"href":"https:\/\/santemc.quebec\/icentre\/wp-json\/wp\/v2\/media?parent=1194"}],"wp:term":[{"taxonomy":"category","embeddable":true,"href":"https:\/\/santemc.quebec\/icentre\/wp-json\/wp\/v2\/categories?post=1194"},{"taxonomy":"post_tag","embeddable":true,"href":"https:\/\/santemc.quebec\/icentre\/wp-json\/wp\/v2\/tags?post=1194"}],"curies":[{"name":"wp","href":"https:\/\/api.w.org\/{rel}","templated":true}]}}