{"id":1203,"date":"2015-11-17T10:47:44","date_gmt":"2015-11-17T15:47:44","guid":{"rendered":"http:\/\/santemc.quebec\/icentre\/?p=1203"},"modified":"2015-11-18T08:49:42","modified_gmt":"2015-11-18T13:49:42","slug":"disponibilite-du-cadre-de-reference-en-sante-mentale-adulte-1re-ligne","status":"publish","type":"post","link":"https:\/\/santemc.quebec\/icentre\/disponibilite-du-cadre-de-reference-en-sante-mentale-adulte-1re-ligne\/","title":{"rendered":"Le cadre de r\u00e9f\u00e9rence en sant\u00e9 mentale adulte 1re ligne maintenant disponible"},"content":{"rendered":"<p>Le cadre de r\u00e9f\u00e9rence intitul\u00e9 <em>La pratique de sant\u00e9 mentale adulte en 1<sup>re<\/sup> ligne orient\u00e9e vers le r\u00e9tablissement<\/em> est maintenant disponible.<\/p>\n<p>Fruit d\u2019un travail consultatif des trois CISSS de la Mont\u00e9r\u00e9gie, ce document a pour but de mieux outiller le gestionnaire et l\u2019intervenant dans les volets pratiques des fonctions de l\u2019\u00e9quipe de 1<sup>re<\/sup> ligne. Le cadre de r\u00e9f\u00e9rence vise \u00e9galement \u00e0 favoriser une vision harmonis\u00e9e ainsi que le d\u00e9veloppement d\u2019un langage commun entre les acteurs qui sont d\u00e9j\u00e0 directement impliqu\u00e9s dans la consolidation des services de 1<sup>re<\/sup> ligne.<!--more--><\/p>\n<p>Deborah Thomson, charg\u00e9e de projet r\u00e9gional en sant\u00e9 mentale en Mont\u00e9r\u00e9gie, a \u00e9labor\u00e9 et r\u00e9dig\u00e9 ce cadre de r\u00e9f\u00e9rence. La contribution de plusieurs autres acteurs d\u2019importance a servi \u00e0 bonifier la r\u00e9daction de ce document.<\/p>\n<p>Le cadre de r\u00e9f\u00e9rence s\u2019inscrit dans la foul\u00e9e des orientations du Plan d\u2019action en sant\u00e9 mentale 2005-2010 et de celui de 2015-2020.<\/p>\n<p>Le document est maintenant disponible sur le <a href=\"http:\/\/extranet.santemonteregie.qc.ca\/programmes-services\/sante-mentale\/sante-mentale-adultes.fr.html\" target=\"_blank\">site extranet Sant\u00e9 et services sociaux Mont\u00e9r\u00e9gie<\/a>.<\/p>\n","protected":false},"excerpt":{"rendered":"<p>Le cadre de r\u00e9f\u00e9rence intitul\u00e9 La pratique de sant\u00e9 mentale adulte en 1re ligne orient\u00e9e vers le r\u00e9tablissement est maintenant disponible. Fruit d\u2019un travail consultatif des trois CISSS de la Mont\u00e9r\u00e9gie, ce document a pour but de mieux outiller le &hellip; <a href=\"https:\/\/santemc.quebec\/icentre\/disponibilite-du-cadre-de-reference-en-sante-mentale-adulte-1re-ligne\/\">Continuer la lecture <span class=\"meta-nav\">&rarr;<\/span><\/a><\/p>\n","protected":false},"author":1,"featured_media":0,"comment_status":"open","ping_status":"closed","sticky":false,"template":"","format":"standard","meta":{"footnotes":""},"categories":[1],"tags":[],"_links":{"self":[{"href":"https:\/\/santemc.quebec\/icentre\/wp-json\/wp\/v2\/posts\/1203"}],"collection":[{"href":"https:\/\/santemc.quebec\/icentre\/wp-json\/wp\/v2\/posts"}],"about":[{"href":"https:\/\/santemc.quebec\/icentre\/wp-json\/wp\/v2\/types\/post"}],"author":[{"embeddable":true,"href":"https:\/\/santemc.quebec\/icentre\/wp-json\/wp\/v2\/users\/1"}],"replies":[{"embeddable":true,"href":"https:\/\/santemc.quebec\/icentre\/wp-json\/wp\/v2\/comments?post=1203"}],"version-history":[{"count":4,"href":"https:\/\/santemc.quebec\/icentre\/wp-json\/wp\/v2\/posts\/1203\/revisions"}],"predecessor-version":[{"id":1213,"href":"https:\/\/santemc.quebec\/icentre\/wp-json\/wp\/v2\/posts\/1203\/revisions\/1213"}],"wp:attachment":[{"href":"https:\/\/santemc.quebec\/icentre\/wp-json\/wp\/v2\/media?parent=1203"}],"wp:term":[{"taxonomy":"category","embeddable":true,"href":"https:\/\/santemc.quebec\/icentre\/wp-json\/wp\/v2\/categories?post=1203"},{"taxonomy":"post_tag","embeddable":true,"href":"https:\/\/santemc.quebec\/icentre\/wp-json\/wp\/v2\/tags?post=1203"}],"curies":[{"name":"wp","href":"https:\/\/api.w.org\/{rel}","templated":true}]}}