{"id":1207,"date":"2015-11-17T11:31:59","date_gmt":"2015-11-17T16:31:59","guid":{"rendered":"http:\/\/santemc.quebec\/icentre\/?p=1207"},"modified":"2015-11-17T13:33:28","modified_gmt":"2015-11-17T18:33:28","slug":"criteres-dachat-dun-ordinateur-pour-les-personnes-ayant-une-deficience-visuelle","status":"publish","type":"post","link":"https:\/\/santemc.quebec\/icentre\/criteres-dachat-dun-ordinateur-pour-les-personnes-ayant-une-deficience-visuelle\/","title":{"rendered":"Crit\u00e8res d\u2019achat d\u2019un ordinateur pour les personnes ayant une d\u00e9ficience visuelle"},"content":{"rendered":"<p><a href=\"http:\/\/santemc.quebec\/santemc\/icentre\/wp-content\/uploads\/2015\/11\/image_criteres_achats_ordi_mod.jpg\"><img decoding=\"async\" loading=\"lazy\" class=\"alignleft wp-image-1208 size-thumbnail\" src=\"http:\/\/santemc.quebec\/santemc\/icentre\/wp-content\/uploads\/2015\/11\/image_criteres_achats_ordi_mod-150x150.jpg\" alt=\"image_criteres_achats_ordi_mod\" width=\"150\" height=\"150\" srcset=\"https:\/\/santemc.quebec\/santemc\/icentre\/wp-content\/uploads\/2015\/11\/image_criteres_achats_ordi_mod-150x150.jpg 150w, https:\/\/santemc.quebec\/santemc\/icentre\/wp-content\/uploads\/2015\/11\/image_criteres_achats_ordi_mod-300x300.jpg 300w, https:\/\/santemc.quebec\/santemc\/icentre\/wp-content\/uploads\/2015\/11\/image_criteres_achats_ordi_mod-299x300.jpg 299w, https:\/\/santemc.quebec\/santemc\/icentre\/wp-content\/uploads\/2015\/11\/image_criteres_achats_ordi_mod.jpg 336w\" sizes=\"(max-width: 150px) 100vw, 150px\" \/><\/a>Acheter un ordinateur peut \u00eatre une t\u00e2che plus ou moins complexe selon nos connaissances,\u00a0 toutefois, celle-ci se complique lorsqu\u2019on veut s\u2019assurer que notre achat r\u00e9pond aux besoins d\u2019une personne ayant une d\u00e9ficience visuelle.<\/p>\n<p>Afin de pallier ces difficult\u00e9s, un contractuel accompagn\u00e9 d\u2019un groupe de sp\u00e9cialistes en r\u00e9adaptation en d\u00e9ficience visuelle en communication informatique adapt\u00e9e de l\u2019INLB dirig\u00e9 par Robert Desch\u00eanes a con\u00e7u le guide Crit\u00e8res d\u2019achat d\u2019un ordinateur pour les personnes ayant une d\u00e9ficience visuelle. <!--more-->Ce guide r\u00e9pond \u00e0 plusieurs questions : PC ou Mac ? Ordinateur neuf ou usag\u00e9 ? Ordinateur de table ou portable ? Quels sont les crit\u00e8res \u00e0 consid\u00e9rer si la personne a une basse vision ou une c\u00e9cit\u00e9 totale ? Quels types d\u2019\u00e9cran et de clavier choisir ? Bref, ce guide permet aux usagers d\u2019obtenir de pr\u00e9cieux conseils afin de faire un choix \u00e9clair\u00e9.<\/p>\n<h2><strong>Un outil essentiel<\/strong><\/h2>\n<p>Selon M. Desch\u00eanes, ce guide est un incontournable pour les personnes qui ont une d\u00e9ficience visuelle : \u00ab le guide leur permet d\u2019obtenir des conseils pour s\u2019assurer que leur achat fonctionne avec leur logiciel adapt\u00e9 afin de les soutenir dans leur choix. Par exemple, pour mieux voir son \u00e9cran, une personne ayant une basse vision aurait avantage \u00e0 choisir un \u00e9cran mat, ayant le moins possible de reflet \u00bb.<\/p>\n<p>Crit\u00e8res d\u2019achat d\u2019un ordinateur pour les personnes ayant une d\u00e9ficience visuelle est le 2<sup>e<\/sup> tome d\u2019une s\u00e9rie de guides disponibles dans la section trucs et astuces du site Web de l\u2019INLB (www.inlb.qc.ca\/usagers-et-proches\/trucs-et-astuces ). Vous trouverez dans cette m\u00eame section, les crit\u00e8res d\u2019achat d\u2019une liseuse pour les personnes ayant une d\u00e9ficience visuelle.<\/p>\n","protected":false},"excerpt":{"rendered":"<p>Acheter un ordinateur peut \u00eatre une t\u00e2che plus ou moins complexe selon nos connaissances,\u00a0 toutefois, celle-ci se complique lorsqu\u2019on veut s\u2019assurer que notre achat r\u00e9pond aux besoins d\u2019une personne ayant une d\u00e9ficience visuelle. Afin de pallier ces difficult\u00e9s, un contractuel &hellip; <a href=\"https:\/\/santemc.quebec\/icentre\/criteres-dachat-dun-ordinateur-pour-les-personnes-ayant-une-deficience-visuelle\/\">Continuer la lecture <span class=\"meta-nav\">&rarr;<\/span><\/a><\/p>\n","protected":false},"author":1,"featured_media":1208,"comment_status":"open","ping_status":"closed","sticky":false,"template":"","format":"standard","meta":{"footnotes":""},"categories":[1],"tags":[],"_links":{"self":[{"href":"https:\/\/santemc.quebec\/icentre\/wp-json\/wp\/v2\/posts\/1207"}],"collection":[{"href":"https:\/\/santemc.quebec\/icentre\/wp-json\/wp\/v2\/posts"}],"about":[{"href":"https:\/\/santemc.quebec\/icentre\/wp-json\/wp\/v2\/types\/post"}],"author":[{"embeddable":true,"href":"https:\/\/santemc.quebec\/icentre\/wp-json\/wp\/v2\/users\/1"}],"replies":[{"embeddable":true,"href":"https:\/\/santemc.quebec\/icentre\/wp-json\/wp\/v2\/comments?post=1207"}],"version-history":[{"count":4,"href":"https:\/\/santemc.quebec\/icentre\/wp-json\/wp\/v2\/posts\/1207\/revisions"}],"predecessor-version":[{"id":1212,"href":"https:\/\/santemc.quebec\/icentre\/wp-json\/wp\/v2\/posts\/1207\/revisions\/1212"}],"wp:featuredmedia":[{"embeddable":true,"href":"https:\/\/santemc.quebec\/icentre\/wp-json\/wp\/v2\/media\/1208"}],"wp:attachment":[{"href":"https:\/\/santemc.quebec\/icentre\/wp-json\/wp\/v2\/media?parent=1207"}],"wp:term":[{"taxonomy":"category","embeddable":true,"href":"https:\/\/santemc.quebec\/icentre\/wp-json\/wp\/v2\/categories?post=1207"},{"taxonomy":"post_tag","embeddable":true,"href":"https:\/\/santemc.quebec\/icentre\/wp-json\/wp\/v2\/tags?post=1207"}],"curies":[{"name":"wp","href":"https:\/\/api.w.org\/{rel}","templated":true}]}}