{"id":121,"date":"2015-05-06T08:01:49","date_gmt":"2015-05-06T12:01:49","guid":{"rendered":"http:\/\/santemc.quebec\/journal\/?p=121"},"modified":"2015-05-08T16:07:20","modified_gmt":"2015-05-08T20:07:20","slug":"nomination-de-la-directrice-du-programme-de-soutien-a-lautonomie-des-personnes-agees","status":"publish","type":"post","link":"https:\/\/santemc.quebec\/icentre\/nomination-de-la-directrice-du-programme-de-soutien-a-lautonomie-des-personnes-agees\/","title":{"rendered":"Nomination de la Directrice du programme de soutien \u00e0 l\u2019autonomie des personnes \u00e2g\u00e9es"},"content":{"rendered":"<p>C\u2019est avec plaisir que je vous annonce la nomination de madame H\u00e9l\u00e8ne Duval au poste de directrice du programme de soutien \u00e0 l\u2019autonomie des personnes \u00e2g\u00e9es pour le CISSS de la Mont\u00e9r\u00e9gie-Centre. Madame Duval, qui a une solide exp\u00e9rience de plus de 30 ans dans le r\u00e9seau de la sant\u00e9 et des services sociaux, poss\u00e8de un baccalaur\u00e9at en orthop\u00e9dagogie de m\u00eame qu\u2019une ma\u00eetrise en administration des affaires de l\u2019Universit\u00e9 de Sherbrooke. Madame Duval \u00e9tait jusqu\u2019\u00e0 r\u00e9cemment directrice g\u00e9n\u00e9rale du Centre mont\u00e9r\u00e9gien de r\u00e9adaptation, et ce, depuis 2011. Auparavant, elle a \u00e9galement oeuvr\u00e9 \u00e0 titre de directrice g\u00e9n\u00e9rale au CSSS de la r\u00e9gion de Thetford, de directrice g\u00e9n\u00e9rale associ\u00e9e \u00e0 l\u2019h\u00e9bergement au CSSS Jeanne-Mance, de directrice g\u00e9n\u00e9rale du CHSLD \u00c9milie-Gamelin, Armand-Lavergne ainsi que de directrice g\u00e9n\u00e9rale du Centre de r\u00e9adaptation Gabrielle-Major, pour ne nommer que ceux-ci.<!--more--><\/p>\n<p>Gestionnaire de haut niveau, madame Duval poss\u00e8de des expertises et des exp\u00e9riences de gestion tr\u00e8s vastes et extr\u00eamement riches et vari\u00e9es. Tout au long de son parcours professionnel, elle a mis en oeuvre un grand nombre de programmes portant sur l\u2019am\u00e9lioration de la qualit\u00e9, de l\u2019accessibilit\u00e9 et de la continuit\u00e9 des services. Visionnaire strat\u00e9gique, madame Duval est reconnue pour son leadership mobilisateur ax\u00e9 sur le travail d\u2019\u00e9quipe, l\u2019innovation, la performance, l\u2019optimisation des potentiels humains, le partenariat ainsi que sur la qualit\u00e9 des services aux usagers. En effet, elle a notamment men\u00e9 de front un grand nombre de d\u00e9marches de planification strat\u00e9gique, de projets majeurs en r\u00e9organisation du travail et d\u00e9veloppement de services \u00e0 la population, de partenariats avec les acteurs de la communaut\u00e9 et de d\u00e9veloppement de programmes g\u00e9n\u00e9raux et sp\u00e9cifiques visant la client\u00e8le des personnes \u00e2g\u00e9es en perte d\u2019autonomie ainsi que la client\u00e8le en d\u00e9ficience intellectuelle. Tr\u00e8s engag\u00e9e dans son milieu, madame Duval a, entre autres, \u00e9t\u00e9 conf\u00e9renci\u00e8re invit\u00e9e dans diff\u00e9rents colloques et organisations, dont certains \u00e0 l\u2019international, et a \u00e9t\u00e9 membre de conseils d\u2019administration de plusieurs organismes.<\/p>\n<p>Nous sommes tr\u00e8s heureux qu\u2019elle se joigne \u00e0 l\u2019\u00e9quipe de direction du CISSS de la Mont\u00e9r\u00e9gie-Centre et nous lui souhaitons la meilleure des chances dans l\u2019exercice de ses nouvelles fonctions et tout le succ\u00e8s voulu dans la poursuite de sa carri\u00e8re.<\/p>\n","protected":false},"excerpt":{"rendered":"<p>C\u2019est avec plaisir que je vous annonce la nomination de madame H\u00e9l\u00e8ne Duval au poste de directrice du programme de soutien \u00e0 l\u2019autonomie des personnes \u00e2g\u00e9es pour le CISSS de la Mont\u00e9r\u00e9gie-Centre. Madame Duval, qui a une solide exp\u00e9rience de &hellip; <a href=\"https:\/\/santemc.quebec\/icentre\/nomination-de-la-directrice-du-programme-de-soutien-a-lautonomie-des-personnes-agees\/\">Continuer la lecture <span class=\"meta-nav\">&rarr;<\/span><\/a><\/p>\n","protected":false},"author":1,"featured_media":0,"comment_status":"open","ping_status":"closed","sticky":false,"template":"","format":"standard","meta":{"footnotes":""},"categories":[2],"tags":[8],"_links":{"self":[{"href":"https:\/\/santemc.quebec\/icentre\/wp-json\/wp\/v2\/posts\/121"}],"collection":[{"href":"https:\/\/santemc.quebec\/icentre\/wp-json\/wp\/v2\/posts"}],"about":[{"href":"https:\/\/santemc.quebec\/icentre\/wp-json\/wp\/v2\/types\/post"}],"author":[{"embeddable":true,"href":"https:\/\/santemc.quebec\/icentre\/wp-json\/wp\/v2\/users\/1"}],"replies":[{"embeddable":true,"href":"https:\/\/santemc.quebec\/icentre\/wp-json\/wp\/v2\/comments?post=121"}],"version-history":[{"count":4,"href":"https:\/\/santemc.quebec\/icentre\/wp-json\/wp\/v2\/posts\/121\/revisions"}],"predecessor-version":[{"id":140,"href":"https:\/\/santemc.quebec\/icentre\/wp-json\/wp\/v2\/posts\/121\/revisions\/140"}],"wp:attachment":[{"href":"https:\/\/santemc.quebec\/icentre\/wp-json\/wp\/v2\/media?parent=121"}],"wp:term":[{"taxonomy":"category","embeddable":true,"href":"https:\/\/santemc.quebec\/icentre\/wp-json\/wp\/v2\/categories?post=121"},{"taxonomy":"post_tag","embeddable":true,"href":"https:\/\/santemc.quebec\/icentre\/wp-json\/wp\/v2\/tags?post=121"}],"curies":[{"name":"wp","href":"https:\/\/api.w.org\/{rel}","templated":true}]}}