{"id":1217,"date":"2015-11-23T11:02:35","date_gmt":"2015-11-23T16:02:35","guid":{"rendered":"http:\/\/santemc.quebec\/icentre\/?p=1217"},"modified":"2015-11-23T11:02:35","modified_gmt":"2015-11-23T16:02:35","slug":"fin-de-la-campagne-dentraide-2015-merci","status":"publish","type":"post","link":"https:\/\/santemc.quebec\/icentre\/fin-de-la-campagne-dentraide-2015-merci\/","title":{"rendered":"Fin de la campagne d\u2019Entraide 2015 : Merci!"},"content":{"rendered":"<p><img decoding=\"async\" loading=\"lazy\" class=\"alignleft\" src=\"http:\/\/lotoquebec.com\/cms\/corporatif\/blogue\/wp-content\/uploads\/2014\/02\/campagne-entraide-2013-114x114.jpg\" alt=\"\" width=\"114\" height=\"114\" \/>La toute premi\u00e8re campagne d\u2019<strong>Entraide<\/strong> du Centre int\u00e9gr\u00e9 de sant\u00e9 et de services sociaux de la Mont\u00e9r\u00e9gie-Centre est maintenant termin\u00e9e. Sous le th\u00e8me <em>J\u2019ai le don de changer le monde<\/em>, c\u2019est avec beaucoup de fiert\u00e9 que je vous annonce que cette campagne aura permis de recueillir des dons totalisant <strong>9\u00a0036$<\/strong> dans notre \u00e9tablissement.<!--more--><\/p>\n<p>Je tiens d\u2019ailleurs \u00e0 remercier sinc\u00e8rement et chaleureusement toutes les personnes de notre organisation qui ont r\u00e9pondu positivement \u00e0 l\u2019appel de cette cha\u00eene de solidarit\u00e9.<\/p>\n<p>Les dons ainsi amass\u00e9s aideront \u00e0 lutter contre la pauvret\u00e9 et l\u2019exclusion. Ils appuieront des organismes de notre milieu qui assurent la prestation de programmes et services en sant\u00e9. Ces dons contribueront \u00e0 <em>changer le monde<\/em> de personnes en situation de vuln\u00e9rabilit\u00e9 et aux prises avec des besoins particuliers.<\/p>\n<p>En terminant, comme le disait Fred Pellerin, porte-parole officiel de la campagne d\u2019Entraide : \u00ab Le monde, \u00e7a se change degr\u00e9 par degr\u00e9, tranche par tranche. Entraide peut se vanter, se p\u00e9ter la bretelle d\u2019avoir donn\u00e9 de l\u2019\u00e9lan \u00e0 la transformation, \u00e0 l\u2019<em>emmieutage<\/em> de ce monde-l\u00e0! \u00bb<\/p>\n<p>Encore une fois, merci \u00e0 toutes et \u00e0 tous de votre g\u00e9n\u00e9rosit\u00e9. C\u2019est un rendez-vous l\u2019an prochain!<\/p>\n<p>Dr Jean Rodrigue,<br \/>\nDirecteur de la sant\u00e9 publique et pr\u00e9sident de la campagne d\u2019Entraide<\/p>\n","protected":false},"excerpt":{"rendered":"<p>La toute premi\u00e8re campagne d\u2019Entraide du Centre int\u00e9gr\u00e9 de sant\u00e9 et de services sociaux de la Mont\u00e9r\u00e9gie-Centre est maintenant termin\u00e9e. Sous le th\u00e8me J\u2019ai le don de changer le monde, c\u2019est avec beaucoup de fiert\u00e9 que je vous annonce que &hellip; <a href=\"https:\/\/santemc.quebec\/icentre\/fin-de-la-campagne-dentraide-2015-merci\/\">Continuer la lecture <span class=\"meta-nav\">&rarr;<\/span><\/a><\/p>\n","protected":false},"author":1,"featured_media":0,"comment_status":"open","ping_status":"closed","sticky":false,"template":"","format":"standard","meta":{"footnotes":""},"categories":[1],"tags":[],"_links":{"self":[{"href":"https:\/\/santemc.quebec\/icentre\/wp-json\/wp\/v2\/posts\/1217"}],"collection":[{"href":"https:\/\/santemc.quebec\/icentre\/wp-json\/wp\/v2\/posts"}],"about":[{"href":"https:\/\/santemc.quebec\/icentre\/wp-json\/wp\/v2\/types\/post"}],"author":[{"embeddable":true,"href":"https:\/\/santemc.quebec\/icentre\/wp-json\/wp\/v2\/users\/1"}],"replies":[{"embeddable":true,"href":"https:\/\/santemc.quebec\/icentre\/wp-json\/wp\/v2\/comments?post=1217"}],"version-history":[{"count":1,"href":"https:\/\/santemc.quebec\/icentre\/wp-json\/wp\/v2\/posts\/1217\/revisions"}],"predecessor-version":[{"id":1218,"href":"https:\/\/santemc.quebec\/icentre\/wp-json\/wp\/v2\/posts\/1217\/revisions\/1218"}],"wp:attachment":[{"href":"https:\/\/santemc.quebec\/icentre\/wp-json\/wp\/v2\/media?parent=1217"}],"wp:term":[{"taxonomy":"category","embeddable":true,"href":"https:\/\/santemc.quebec\/icentre\/wp-json\/wp\/v2\/categories?post=1217"},{"taxonomy":"post_tag","embeddable":true,"href":"https:\/\/santemc.quebec\/icentre\/wp-json\/wp\/v2\/tags?post=1217"}],"curies":[{"name":"wp","href":"https:\/\/api.w.org\/{rel}","templated":true}]}}