{"id":1224,"date":"2015-11-23T15:32:30","date_gmt":"2015-11-23T20:32:30","guid":{"rendered":"http:\/\/santemc.quebec\/icentre\/?p=1224"},"modified":"2015-11-23T15:35:17","modified_gmt":"2015-11-23T20:35:17","slug":"le-cisss-recoit-26-808-credits-ante-dans-le-cadre-de-la-semaine-de-la-bougeotte-du-cegep-saint-jean-sur-richelieu","status":"publish","type":"post","link":"https:\/\/santemc.quebec\/icentre\/le-cisss-recoit-26-808-credits-ante-dans-le-cadre-de-la-semaine-de-la-bougeotte-du-cegep-saint-jean-sur-richelieu\/","title":{"rendered":"Le CISSS re\u00e7oit 26\u00a0808 Cr\u00e9dits $ant\u00e9 dans le cadre de la Semaine de la bougeotte du C\u00e9gep Saint-Jean-sur-Richelieu"},"content":{"rendered":"<p><img decoding=\"async\" loading=\"lazy\" class=\"alignleft wp-image-1225 size-thumbnail\" src=\"http:\/\/santemc.quebec\/santemc\/icentre\/wp-content\/uploads\/2015\/11\/Remise_cheque_lg-150x150.jpg\" alt=\"Remise_cheque_lg\" width=\"150\" height=\"150\" \/><\/p>\n<p>Le 17 novembre dernier, Mme Lise Pouliot, pr\u00e9sidente-directrice g\u00e9n\u00e9rale adjointe du CISSS, prenait part aux activit\u00e9s de cl\u00f4ture de la Semaine de la bougeotte du C\u00e9gep de Saint-Jean-sur-Richelieu. Pour l\u2019occasion, le CISSS s\u2019est vu remettre un ch\u00e8que symbolique de 26\u00a0808 Cr\u00e9dits $ant\u00e9 repr\u00e9sentant les \u00e9conomies g\u00e9n\u00e9r\u00e9es durant la semaine gr\u00e2ce \u00e0 l\u2019activit\u00e9 physique des participants.<!--more--><\/p>\n<p>Initi\u00e9e par le d\u00e9partement d\u2019\u00e9ducation physique il y a plus de dix ans, la Semaine de la bougeotte promeut l\u2019importance de l\u2019activit\u00e9 physique pour la sant\u00e9. Les \u00e9tudiantes et les \u00e9tudiants du C\u00e9gep Saint-Jean-sur-Richelieu sont au c\u0153ur de cet \u00e9v\u00e9nement. Ils acqui\u00e8rent dans leur cours d\u2019\u00e9ducation physique les outils n\u00e9cessaires pour \u00eatre des citoyens responsables par rapport \u00e0 leur sant\u00e9.<\/p>\n<p>En outre, il est d\u00e9montr\u00e9 que les saines habitudes de vie chez les personnes sont plus souvent d\u00e9velopp\u00e9es et maintenues lorsqu\u2019elles sont favoris\u00e9es par leur environnement. La Semaine de la bougeotte est une fa\u00e7on stimulante et originale d\u2019associer l\u2019activit\u00e9 physique \u00e0 des r\u00e9sultats sur la sant\u00e9. Ses Cr\u00e9dits $ant\u00e9 apportent une motivation suppl\u00e9mentaire pour atteindre des objectifs et repr\u00e9sentent l\u2019engagement citoyen de ceux qui y participent. F\u00e9licitations!<\/p>\n<div id=\"attachment_1225\" style=\"width: 310px\" class=\"wp-caption alignnone\"><a href=\"http:\/\/santemc.quebec\/santemc\/icentre\/wp-content\/uploads\/2015\/11\/Remise_cheque_lg.jpg\"><img aria-describedby=\"caption-attachment-1225\" decoding=\"async\" loading=\"lazy\" class=\"wp-image-1225 size-medium\" src=\"http:\/\/santemc.quebec\/santemc\/icentre\/wp-content\/uploads\/2015\/11\/Remise_cheque_lg-300x200.jpg\" alt=\"Remise_cheque_lg\" width=\"300\" height=\"200\" srcset=\"https:\/\/santemc.quebec\/santemc\/icentre\/wp-content\/uploads\/2015\/11\/Remise_cheque_lg-300x200.jpg 300w, https:\/\/santemc.quebec\/santemc\/icentre\/wp-content\/uploads\/2015\/11\/Remise_cheque_lg-600x400.jpg 600w, https:\/\/santemc.quebec\/santemc\/icentre\/wp-content\/uploads\/2015\/11\/Remise_cheque_lg-450x300.jpg 450w, https:\/\/santemc.quebec\/santemc\/icentre\/wp-content\/uploads\/2015\/11\/Remise_cheque_lg.jpg 1000w\" sizes=\"(max-width: 300px) 100vw, 300px\" \/><\/a><p id=\"caption-attachment-1225\" class=\"wp-caption-text\">Sur la photo, plusieurs repr\u00e9sentants des diff\u00e9rents groupes ayant particip\u00e9 \u00e0 La Bougeotte 2015, dans l\u2019ordre (de gauche \u00e0 droite en commen\u00e7ant par la rang\u00e9e du fond)\u00a0: Yvan Ouellet (propri\u00e9taire de la salle d\u2019entra\u00eenement Actiforme), les enseignants du d\u00e9partement d\u2019\u00e9ducation physique\u00a0: Maxime Beno\u00eet, Jonathan Viens, Simon Demers, Alexis Granger, Rachel Surprenant et le repr\u00e9sentant de l\u2019association \u00e9tudiante, Karl Gingras. Alexandre Girard-Duchaine (attach\u00e9 politique du d\u00e9put\u00e9 Dave Turcotte), Chantal Denis (directrice g\u00e9n\u00e9rale du C\u00e9gep Saint-Jean-sur-Richelieu, Linda Simard (chef d\u2019administration de programmes \u00a0au CISSS de la Mont\u00e9r\u00e9gie-Centre), Lise Pouliot (pr\u00e9sidente-directrice g\u00e9n\u00e9rale adjointe du CISSS de la Mont\u00e9r\u00e9gie-Centre, \u00c9velyne M\u00e9nard (coordonnatrice du d\u00e9partement d\u2019\u00e9ducation physique). Cr\u00e9dit photo\u00a0: Normand Faucher<\/p><\/div>\n","protected":false},"excerpt":{"rendered":"<p>Le 17 novembre dernier, Mme Lise Pouliot, pr\u00e9sidente-directrice g\u00e9n\u00e9rale adjointe du CISSS, prenait part aux activit\u00e9s de cl\u00f4ture de la Semaine de la bougeotte du C\u00e9gep de Saint-Jean-sur-Richelieu. Pour l\u2019occasion, le CISSS s\u2019est vu remettre un ch\u00e8que symbolique de 26\u00a0808 &hellip; <a href=\"https:\/\/santemc.quebec\/icentre\/le-cisss-recoit-26-808-credits-ante-dans-le-cadre-de-la-semaine-de-la-bougeotte-du-cegep-saint-jean-sur-richelieu\/\">Continuer la lecture <span class=\"meta-nav\">&rarr;<\/span><\/a><\/p>\n","protected":false},"author":2,"featured_media":0,"comment_status":"open","ping_status":"closed","sticky":false,"template":"","format":"standard","meta":{"footnotes":""},"categories":[1],"tags":[],"_links":{"self":[{"href":"https:\/\/santemc.quebec\/icentre\/wp-json\/wp\/v2\/posts\/1224"}],"collection":[{"href":"https:\/\/santemc.quebec\/icentre\/wp-json\/wp\/v2\/posts"}],"about":[{"href":"https:\/\/santemc.quebec\/icentre\/wp-json\/wp\/v2\/types\/post"}],"author":[{"embeddable":true,"href":"https:\/\/santemc.quebec\/icentre\/wp-json\/wp\/v2\/users\/2"}],"replies":[{"embeddable":true,"href":"https:\/\/santemc.quebec\/icentre\/wp-json\/wp\/v2\/comments?post=1224"}],"version-history":[{"count":4,"href":"https:\/\/santemc.quebec\/icentre\/wp-json\/wp\/v2\/posts\/1224\/revisions"}],"predecessor-version":[{"id":1230,"href":"https:\/\/santemc.quebec\/icentre\/wp-json\/wp\/v2\/posts\/1224\/revisions\/1230"}],"wp:attachment":[{"href":"https:\/\/santemc.quebec\/icentre\/wp-json\/wp\/v2\/media?parent=1224"}],"wp:term":[{"taxonomy":"category","embeddable":true,"href":"https:\/\/santemc.quebec\/icentre\/wp-json\/wp\/v2\/categories?post=1224"},{"taxonomy":"post_tag","embeddable":true,"href":"https:\/\/santemc.quebec\/icentre\/wp-json\/wp\/v2\/tags?post=1224"}],"curies":[{"name":"wp","href":"https:\/\/api.w.org\/{rel}","templated":true}]}}