{"id":123,"date":"2015-05-06T08:00:15","date_gmt":"2015-05-06T12:00:15","guid":{"rendered":"http:\/\/santemc.quebec\/journal\/?p=123"},"modified":"2015-05-08T16:07:41","modified_gmt":"2015-05-08T20:07:41","slug":"nomination-du-directeur-qualite-evaluation-performance-ethique-lean","status":"publish","type":"post","link":"https:\/\/santemc.quebec\/icentre\/nomination-du-directeur-qualite-evaluation-performance-ethique-lean\/","title":{"rendered":"Nomination du directeur qualit\u00e9, \u00e9valuation, performance, \u00e9thique, Lean"},"content":{"rendered":"<p>C\u2019est avec plaisir que je vous annonce la nomination de monsieur Jacques Fortin au poste de directeur qualit\u00e9, \u00e9valuation, performance, \u00e9thique, Lean pour le CISSS de la Mont\u00e9r\u00e9gie-Centre. Monsieur Fortin, qui a un baccalaur\u00e9at et une ma\u00eetrise en sciences infirmi\u00e8res de l\u2019Universit\u00e9 de Montr\u00e9al, a un parcours impressionnant de 33 ans dans le r\u00e9seau de la sant\u00e9 et des services sociaux, dont plus de 20 ans dans des fonctions d\u2019encadrement interm\u00e9diaire et sup\u00e9rieur. De 2010 jusqu\u2019\u00e0 sa nomination, il \u00e9tait directeur de la planification strat\u00e9gique, de la performance, des connaissances et des ressources humaines r\u00e9seau \u00e0 l\u2019Agence de la sant\u00e9 et des services sociaux de la Mont\u00e9r\u00e9gie. Auparavant, il a notamment oeuvr\u00e9 \u00e0 titre de coordonnateur \u00e0 la gestion des connaissances au m\u00eame endroit, de m\u00eame qu\u2019aux postes de conseiller au d\u00e9veloppement de continuums de soins et services \u00e0 l\u2019H\u00f4pital Maisonneuve-Rosemont, au CSSS Lucille-Teasdale et au CSSS Pointe-de-l\u2019\u00eele, et de directeur de la planification et des r\u00e9seaux locaux au CSSS de la Montagne.<!--more--><\/p>\n<p>Mentionnons que monsieur Fortin a \u00e9galement \u00e0 son actif plusieurs mandats au sein d\u2019h\u00f4pitaux et d\u2019organisations europ\u00e9ennes, un grand nombre de publications en mati\u00e8re de gestion des soins et services, de m\u00eame qu\u2019une exp\u00e9rience de plus de 13 ans dans la conception, la recherche et l\u2019enseignement d\u2019approches en mati\u00e8re de gestion de la qualit\u00e9, pour ne nommer que celles-ci.<\/p>\n<p>Conf\u00e9rencier reconnu, monsieur Fortin est dot\u00e9 d\u2019une vision syst\u00e9mique, d\u2019un grand sens de l\u2019innovation et d\u2019un profond engagement envers le r\u00e9seau de la sant\u00e9 et des services sociaux. Tout au long de sa carri\u00e8re, il a d\u2019ailleurs con\u00e7u plusieurs corridors de services r\u00e9gionaux, des forums de partenaires, diff\u00e9rents processus de concertation et d\u2019am\u00e9lioration de la qualit\u00e9, et divers espaces et carrefours informationnels en gestion de la performance, des connaissances et de la qualit\u00e9.<\/p>\n<p>Nous sommes tr\u00e8s heureux qu\u2019il se joigne \u00e0 l\u2019\u00e9quipe de direction du CISSS de la Mont\u00e9r\u00e9gie-Centre et nous lui souhaitons la meilleure des chances dans l\u2019exercice de ses nouvelles fonctions et tout le succ\u00e8s voulu dans la poursuite de sa carri\u00e8re.<\/p>\n","protected":false},"excerpt":{"rendered":"<p>C\u2019est avec plaisir que je vous annonce la nomination de monsieur Jacques Fortin au poste de directeur qualit\u00e9, \u00e9valuation, performance, \u00e9thique, Lean pour le CISSS de la Mont\u00e9r\u00e9gie-Centre. Monsieur Fortin, qui a un baccalaur\u00e9at et une ma\u00eetrise en sciences infirmi\u00e8res &hellip; <a href=\"https:\/\/santemc.quebec\/icentre\/nomination-du-directeur-qualite-evaluation-performance-ethique-lean\/\">Continuer la lecture <span class=\"meta-nav\">&rarr;<\/span><\/a><\/p>\n","protected":false},"author":1,"featured_media":0,"comment_status":"open","ping_status":"closed","sticky":false,"template":"","format":"standard","meta":{"footnotes":""},"categories":[2],"tags":[8],"_links":{"self":[{"href":"https:\/\/santemc.quebec\/icentre\/wp-json\/wp\/v2\/posts\/123"}],"collection":[{"href":"https:\/\/santemc.quebec\/icentre\/wp-json\/wp\/v2\/posts"}],"about":[{"href":"https:\/\/santemc.quebec\/icentre\/wp-json\/wp\/v2\/types\/post"}],"author":[{"embeddable":true,"href":"https:\/\/santemc.quebec\/icentre\/wp-json\/wp\/v2\/users\/1"}],"replies":[{"embeddable":true,"href":"https:\/\/santemc.quebec\/icentre\/wp-json\/wp\/v2\/comments?post=123"}],"version-history":[{"count":5,"href":"https:\/\/santemc.quebec\/icentre\/wp-json\/wp\/v2\/posts\/123\/revisions"}],"predecessor-version":[{"id":139,"href":"https:\/\/santemc.quebec\/icentre\/wp-json\/wp\/v2\/posts\/123\/revisions\/139"}],"wp:attachment":[{"href":"https:\/\/santemc.quebec\/icentre\/wp-json\/wp\/v2\/media?parent=123"}],"wp:term":[{"taxonomy":"category","embeddable":true,"href":"https:\/\/santemc.quebec\/icentre\/wp-json\/wp\/v2\/categories?post=123"},{"taxonomy":"post_tag","embeddable":true,"href":"https:\/\/santemc.quebec\/icentre\/wp-json\/wp\/v2\/tags?post=123"}],"curies":[{"name":"wp","href":"https:\/\/api.w.org\/{rel}","templated":true}]}}