{"id":1241,"date":"2015-11-26T15:07:26","date_gmt":"2015-11-26T20:07:26","guid":{"rendered":"http:\/\/santemc.quebec\/icentre\/?p=1241"},"modified":"2015-11-27T08:56:19","modified_gmt":"2015-11-27T13:56:19","slug":"soutien-a-la-dsp-gestion-des-services-medicaux-de-premiere-ligne-collaboration-du-dr-jean-rodrigue","status":"publish","type":"post","link":"https:\/\/santemc.quebec\/icentre\/soutien-a-la-dsp-gestion-des-services-medicaux-de-premiere-ligne-collaboration-du-dr-jean-rodrigue\/","title":{"rendered":"Soutien \u00e0 la DSP \u2013 Gestion des services m\u00e9dicaux de premi\u00e8re ligne : Collaboration du Dr Jean Rodrigue"},"content":{"rendered":"<p>C\u2019est avec plaisir que je vous annonce que Docteur Jean Rodrigue, directeur de sant\u00e9 publique\u00a0par int\u00e9rim, a accept\u00e9 de collaborer \u00e0 la gestion des services m\u00e9dicaux de premi\u00e8re ligne en\u00a0soutien \u00e0 la directrice des services professionnels du CISSS de la Mont\u00e9r\u00e9gie-Centre et ce, tout en\u00a0continuant d\u2019assumer son r\u00f4le de directeur de sant\u00e9 publique par int\u00e9rim.<!--more--><\/p>\n<p>M\u00e9decin omnipraticien de formation, docteur Rodrigue est \u00e9galement titulaire d\u2019une ma\u00eetrise en\u00a0sant\u00e9 communautaire de l\u2019Universit\u00e9 de Montr\u00e9al. Il a pratiqu\u00e9 la m\u00e9decine familiale pendant de\u00a0nombreuses ann\u00e9es et a assum\u00e9 divers postes de gestion dans le r\u00e9seau de la sant\u00e9, notamment\u00a0\u00e0 l\u2019Agence de la Mont\u00e9r\u00e9gie. Docteur Rodrigue a \u00e9galement occup\u00e9 les fonctions de sous-ministre\u00a0adjoint \u00e0 la Direction g\u00e9n\u00e9rale des services de sant\u00e9 et m\u00e9decine universitaire au Minist\u00e8re de\u00a02011 \u00e0 2013.<\/p>\n<p>Je tiens \u00e0 remercier Docteur Rodrigue pour son engagement et sa collaboration et lui souhaiter\u00a0bon succ\u00e8s dans les mandats qui lui seront conf\u00e9r\u00e9s.<\/p>\n<p>Lise Pouliot<br \/>\nPr\u00e9sidente-directrice g\u00e9n\u00e9rale adjointe<\/p>\n","protected":false},"excerpt":{"rendered":"<p>C\u2019est avec plaisir que je vous annonce que Docteur Jean Rodrigue, directeur de sant\u00e9 publique\u00a0par int\u00e9rim, a accept\u00e9 de collaborer \u00e0 la gestion des services m\u00e9dicaux de premi\u00e8re ligne en\u00a0soutien \u00e0 la directrice des services professionnels du CISSS de la &hellip; <a href=\"https:\/\/santemc.quebec\/icentre\/soutien-a-la-dsp-gestion-des-services-medicaux-de-premiere-ligne-collaboration-du-dr-jean-rodrigue\/\">Continuer la lecture <span class=\"meta-nav\">&rarr;<\/span><\/a><\/p>\n","protected":false},"author":1,"featured_media":0,"comment_status":"open","ping_status":"closed","sticky":false,"template":"","format":"standard","meta":{"footnotes":""},"categories":[2],"tags":[],"_links":{"self":[{"href":"https:\/\/santemc.quebec\/icentre\/wp-json\/wp\/v2\/posts\/1241"}],"collection":[{"href":"https:\/\/santemc.quebec\/icentre\/wp-json\/wp\/v2\/posts"}],"about":[{"href":"https:\/\/santemc.quebec\/icentre\/wp-json\/wp\/v2\/types\/post"}],"author":[{"embeddable":true,"href":"https:\/\/santemc.quebec\/icentre\/wp-json\/wp\/v2\/users\/1"}],"replies":[{"embeddable":true,"href":"https:\/\/santemc.quebec\/icentre\/wp-json\/wp\/v2\/comments?post=1241"}],"version-history":[{"count":3,"href":"https:\/\/santemc.quebec\/icentre\/wp-json\/wp\/v2\/posts\/1241\/revisions"}],"predecessor-version":[{"id":1246,"href":"https:\/\/santemc.quebec\/icentre\/wp-json\/wp\/v2\/posts\/1241\/revisions\/1246"}],"wp:attachment":[{"href":"https:\/\/santemc.quebec\/icentre\/wp-json\/wp\/v2\/media?parent=1241"}],"wp:term":[{"taxonomy":"category","embeddable":true,"href":"https:\/\/santemc.quebec\/icentre\/wp-json\/wp\/v2\/categories?post=1241"},{"taxonomy":"post_tag","embeddable":true,"href":"https:\/\/santemc.quebec\/icentre\/wp-json\/wp\/v2\/tags?post=1241"}],"curies":[{"name":"wp","href":"https:\/\/api.w.org\/{rel}","templated":true}]}}