{"id":1250,"date":"2015-11-27T10:20:42","date_gmt":"2015-11-27T15:20:42","guid":{"rendered":"http:\/\/santemc.quebec\/icentre\/?p=1250"},"modified":"2015-11-27T10:20:42","modified_gmt":"2015-11-27T15:20:42","slug":"le-ruban-blanc-remis-a-lhopital-charles-le-moyne-par-solidarite-contre-les-violences-faites-aux-femmes","status":"publish","type":"post","link":"https:\/\/santemc.quebec\/icentre\/le-ruban-blanc-remis-a-lhopital-charles-le-moyne-par-solidarite-contre-les-violences-faites-aux-femmes\/","title":{"rendered":"Le ruban blanc remis \u00e0 l\u2019H\u00f4pital Charles-Le Moyne par solidarit\u00e9 contre les violences faites aux femmes"},"content":{"rendered":"<p><img decoding=\"async\" loading=\"lazy\" class=\"alignleft wp-image-1251 size-thumbnail\" src=\"http:\/\/santemc.quebec\/santemc\/icentre\/wp-content\/uploads\/2015\/11\/12-JOURS-AUTOCOLLANT-150x150.jpg\" alt=\"12 JOURS- AUTOCOLLANT\" width=\"150\" height=\"150\" \/>Chaque ann\u00e9e, du 25 novembre au 6 d\u00e9cembre, plusieurs activit\u00e9s se tiennent partout au Qu\u00e9bec dans le cadre des 12 jours d&rsquo;action pour l&rsquo;\u00e9limination des violences faites aux femmes. L\u2019an dernier, gr\u00e2ce \u00e0 la mobilisation des intervenants du CISSS, du Pavillon Marguerite de Champlain et du centre de femmes Com&rsquo;Femme, une activit\u00e9 de sensibilisation r\u00e9alis\u00e9e \u00e0 l&rsquo;H\u00f4pital Charles-Le Moyne a permis de remettre plus de 1400 rubans blancs, symbole de la cause.<!--more--><\/p>\n<p>Le succ\u00e8s de l&rsquo;an pass\u00e9 a encourag\u00e9 d&rsquo;autres organismes, notamment le Service de police de l&rsquo;agglom\u00e9ration de Longueuil, Entraide pour hommes et la Maison de la famille de Brossard, \u00e0 participer \u00e0 notre mobilisation. L\u2019exp\u00e9rience revient donc en force le 3 d\u00e9cembre prochain, dans le hall d\u2019entr\u00e9e, o\u00f9 se tiendra un stand de sensibilisation. Entre 8 h et 16 h 30, vous pourrez vous y procurer votre ruban blanc symbolisant votre soutien \u00e0 la cause. Vous \u00eates attendus en grand nombre!<\/p>\n<p>Rappelons que les 12 jours d&rsquo;action ont \u00e9t\u00e9 initi\u00e9s en 1991 par des hommes qui d\u00e9siraient clamer publiquement leur opposition aux violences faites aux femmes. C\u2019est alors qu\u2019ils ont lanc\u00e9 la Campagne du ruban blanc. Cette initiative faisait suite \u00e0 la tuerie de l&rsquo;\u00e9cole Polytechnique de Montr\u00e9al au cours de laquelle 14 femmes furent assassin\u00e9es, simplement parce qu&rsquo;elles \u00e9taient des femmes. Vingt-six ans plus tard, nous devons nous rappeler ces \u00e9v\u00e9nements et lutter pour \u00e9viter qu&rsquo;ils se reproduisent.<\/p>\n","protected":false},"excerpt":{"rendered":"<p>Chaque ann\u00e9e, du 25 novembre au 6 d\u00e9cembre, plusieurs activit\u00e9s se tiennent partout au Qu\u00e9bec dans le cadre des 12 jours d&rsquo;action pour l&rsquo;\u00e9limination des violences faites aux femmes. L\u2019an dernier, gr\u00e2ce \u00e0 la mobilisation des intervenants du CISSS, du &hellip; <a href=\"https:\/\/santemc.quebec\/icentre\/le-ruban-blanc-remis-a-lhopital-charles-le-moyne-par-solidarite-contre-les-violences-faites-aux-femmes\/\">Continuer la lecture <span class=\"meta-nav\">&rarr;<\/span><\/a><\/p>\n","protected":false},"author":2,"featured_media":0,"comment_status":"open","ping_status":"closed","sticky":false,"template":"","format":"standard","meta":{"footnotes":""},"categories":[1],"tags":[],"_links":{"self":[{"href":"https:\/\/santemc.quebec\/icentre\/wp-json\/wp\/v2\/posts\/1250"}],"collection":[{"href":"https:\/\/santemc.quebec\/icentre\/wp-json\/wp\/v2\/posts"}],"about":[{"href":"https:\/\/santemc.quebec\/icentre\/wp-json\/wp\/v2\/types\/post"}],"author":[{"embeddable":true,"href":"https:\/\/santemc.quebec\/icentre\/wp-json\/wp\/v2\/users\/2"}],"replies":[{"embeddable":true,"href":"https:\/\/santemc.quebec\/icentre\/wp-json\/wp\/v2\/comments?post=1250"}],"version-history":[{"count":1,"href":"https:\/\/santemc.quebec\/icentre\/wp-json\/wp\/v2\/posts\/1250\/revisions"}],"predecessor-version":[{"id":1252,"href":"https:\/\/santemc.quebec\/icentre\/wp-json\/wp\/v2\/posts\/1250\/revisions\/1252"}],"wp:attachment":[{"href":"https:\/\/santemc.quebec\/icentre\/wp-json\/wp\/v2\/media?parent=1250"}],"wp:term":[{"taxonomy":"category","embeddable":true,"href":"https:\/\/santemc.quebec\/icentre\/wp-json\/wp\/v2\/categories?post=1250"},{"taxonomy":"post_tag","embeddable":true,"href":"https:\/\/santemc.quebec\/icentre\/wp-json\/wp\/v2\/tags?post=1250"}],"curies":[{"name":"wp","href":"https:\/\/api.w.org\/{rel}","templated":true}]}}