{"id":1257,"date":"2015-12-01T09:55:04","date_gmt":"2015-12-01T14:55:04","guid":{"rendered":"http:\/\/santemc.quebec\/icentre\/?p=1257"},"modified":"2015-12-01T14:55:34","modified_gmt":"2015-12-01T19:55:34","slug":"les-dernieres-nominations-de-cadres-intermediaires-au-cisss-de-la-monteregie-centre-9","status":"publish","type":"post","link":"https:\/\/santemc.quebec\/icentre\/les-dernieres-nominations-de-cadres-intermediaires-au-cisss-de-la-monteregie-centre-9\/","title":{"rendered":"Les derni\u00e8res nominations de cadres interm\u00e9diaires au CISSS de la Mont\u00e9r\u00e9gie-Centre"},"content":{"rendered":"<p>Voici les plus r\u00e9centes nominations :\u00a0<!--more--><span id=\"more-917\"><\/span><span id=\"more-763\"><\/span><\/p>\n<p><strong>Direction\u00a0de la logistique<\/strong><\/p>\n<table>\n<tbody>\n<tr>\n<td width=\"60%\">Chef de service \u2013 Magasin et distribution<\/td>\n<td>Marie-Claude Shea<\/td>\n<\/tr>\n<tr>\n<td width=\"60%\">Chef de service &#8211; brancarderie<\/td>\n<td>Fr\u00e9d\u00e9ric Dionne<\/td>\n<\/tr>\n<\/tbody>\n<\/table>\n<p>&nbsp;<\/p>\n<p><strong>Direction adjointe des ressources informationnelles<\/strong><\/p>\n<table>\n<tbody>\n<tr>\n<td width=\"60%\">Chef de service du centre d\u2019assistance et services de proximit\u00e9<\/td>\n<td>R\u00e9gis Bergeron<\/td>\n<\/tr>\n<\/tbody>\n<\/table>\n<p>&nbsp;<\/p>\n<p>Notez \u00e9galement le d\u00e9part de monsieur Cl\u00e9ment Comtois, chef du service partenariat d\u2019affaires et relations de travail \u00e0 la direction des ressources humaines, des communications et des affaires juridiques,\u00a0\u00e0 compter du 18 d\u00e9cembre prochain.<\/p>\n","protected":false},"excerpt":{"rendered":"<p>Voici les plus r\u00e9centes nominations :\u00a0<\/p>\n","protected":false},"author":1,"featured_media":0,"comment_status":"open","ping_status":"closed","sticky":false,"template":"","format":"standard","meta":{"footnotes":""},"categories":[1],"tags":[8],"_links":{"self":[{"href":"https:\/\/santemc.quebec\/icentre\/wp-json\/wp\/v2\/posts\/1257"}],"collection":[{"href":"https:\/\/santemc.quebec\/icentre\/wp-json\/wp\/v2\/posts"}],"about":[{"href":"https:\/\/santemc.quebec\/icentre\/wp-json\/wp\/v2\/types\/post"}],"author":[{"embeddable":true,"href":"https:\/\/santemc.quebec\/icentre\/wp-json\/wp\/v2\/users\/1"}],"replies":[{"embeddable":true,"href":"https:\/\/santemc.quebec\/icentre\/wp-json\/wp\/v2\/comments?post=1257"}],"version-history":[{"count":3,"href":"https:\/\/santemc.quebec\/icentre\/wp-json\/wp\/v2\/posts\/1257\/revisions"}],"predecessor-version":[{"id":1264,"href":"https:\/\/santemc.quebec\/icentre\/wp-json\/wp\/v2\/posts\/1257\/revisions\/1264"}],"wp:attachment":[{"href":"https:\/\/santemc.quebec\/icentre\/wp-json\/wp\/v2\/media?parent=1257"}],"wp:term":[{"taxonomy":"category","embeddable":true,"href":"https:\/\/santemc.quebec\/icentre\/wp-json\/wp\/v2\/categories?post=1257"},{"taxonomy":"post_tag","embeddable":true,"href":"https:\/\/santemc.quebec\/icentre\/wp-json\/wp\/v2\/tags?post=1257"}],"curies":[{"name":"wp","href":"https:\/\/api.w.org\/{rel}","templated":true}]}}