{"id":1265,"date":"2015-12-01T14:24:45","date_gmt":"2015-12-01T19:24:45","guid":{"rendered":"http:\/\/santemc.quebec\/icentre\/?p=1265"},"modified":"2015-12-01T14:24:45","modified_gmt":"2015-12-01T19:24:45","slug":"objectif-zero-pour-la-journee-mondiale-du-sida","status":"publish","type":"post","link":"https:\/\/santemc.quebec\/icentre\/objectif-zero-pour-la-journee-mondiale-du-sida\/","title":{"rendered":"\u00ab\u00a0Objectif : z\u00e9ro \u00bb pour la Journ\u00e9e mondiale du sida"},"content":{"rendered":"<p>Aujourd&rsquo;hui, le 1<sup>er<\/sup> d\u00e9cembre, marque la Journ\u00e9e mondiale du sida qui porte cette ann\u00e9e le \u00a0le th\u00e8me <strong>\u00ab <\/strong>Objectif : z\u00e9ro \u00bb. Z\u00e9ro nouvelle infection au VIH. Z\u00e9ro discrimination et z\u00e9ro d\u00e9c\u00e8s li\u00e9 au sida. Comment est-ce possible \u00e0 r\u00e9aliser?<!--more--><\/p>\n<p>Les donn\u00e9es probantes des derni\u00e8res ann\u00e9es dans le domaine du traitement et de la pr\u00e9vention du VIH sont souvent qualifi\u00e9es de r\u00e9volutionnaires. Elles modifient les perspectives pour la sant\u00e9 des personnes vivant avec le VIH, leurs partenaires et la communaut\u00e9 en g\u00e9n\u00e9ral.<\/p>\n<p>Ce que nous savons \u00e0 l&rsquo;heure actuelle :<em> Il est avantageux pour les personnes vivant avec le VIH de commencer le traitement aussit\u00f4t que possible apr\u00e8s leur diagnostic<\/em>. \u00c0 l\u2019\u00e9chelle nationale, on estime \u00e0 environ 75 500 le nombre de Canadiens vivant avec le VIH. De nouvelles recherches nous indiquent que l\u2019utilisation pr\u00e9coce et \u00e0 long terme d\u2019une th\u00e9rapie antir\u00e9trovirale par ces personnes serait synonyme de meilleure sant\u00e9 et d\u2019une esp\u00e9rance de vie presque normale.<\/p>\n<p>Au plan\u00a0de la pr\u00e9vention, rappelons que le CISSS offre des cliniques de d\u00e9pistage du VIH ainsi que des infections transmissibles sexuellement et par le sang. Les client\u00e8les vis\u00e9es et les modalit\u00e9s d\u2019acc\u00e8s sont accessibles par le biais de son site Internet.<\/p>\n<p>De plus, l\u2019H\u00f4pital Charles-Le Moyne offre depuis quelques ann\u00e9es un programme MicroPEX destin\u00e9 \u00e0 la client\u00e8le atteinte du VIH. Ce dernier vise \u00e0 mieux g\u00e9rer la maladie des personnes du territoire vivant avec le VIH ou le VHC afin d\u2019am\u00e9liorer leur \u00e9tat de sant\u00e9 en leur offrant un suivi r\u00e9gulier. Unique en Mont\u00e9r\u00e9gie, ce programme peut faire la fiert\u00e9 de notre CISSS\u00a0!<\/p>\n<p>Vous voulez tout savoir sur la journ\u00e9e mondiale du Sida et sur les plus r\u00e9centes avanc\u00e9es dans le domaine? Consultez l\u2019adresse <a href=\"http:\/\/www.catie.ca\/fr\/journee-mondiale-contre-le-sida\">http:\/\/www.catie.ca\/fr\/journee-mondiale-contre-le-sida<\/a>.<\/p>\n","protected":false},"excerpt":{"rendered":"<p>Aujourd&rsquo;hui, le 1er d\u00e9cembre, marque la Journ\u00e9e mondiale du sida qui porte cette ann\u00e9e le \u00a0le th\u00e8me \u00ab Objectif : z\u00e9ro \u00bb. Z\u00e9ro nouvelle infection au VIH. Z\u00e9ro discrimination et z\u00e9ro d\u00e9c\u00e8s li\u00e9 au sida. Comment est-ce possible \u00e0 r\u00e9aliser?<\/p>\n","protected":false},"author":2,"featured_media":0,"comment_status":"open","ping_status":"closed","sticky":false,"template":"","format":"standard","meta":{"footnotes":""},"categories":[1],"tags":[],"_links":{"self":[{"href":"https:\/\/santemc.quebec\/icentre\/wp-json\/wp\/v2\/posts\/1265"}],"collection":[{"href":"https:\/\/santemc.quebec\/icentre\/wp-json\/wp\/v2\/posts"}],"about":[{"href":"https:\/\/santemc.quebec\/icentre\/wp-json\/wp\/v2\/types\/post"}],"author":[{"embeddable":true,"href":"https:\/\/santemc.quebec\/icentre\/wp-json\/wp\/v2\/users\/2"}],"replies":[{"embeddable":true,"href":"https:\/\/santemc.quebec\/icentre\/wp-json\/wp\/v2\/comments?post=1265"}],"version-history":[{"count":2,"href":"https:\/\/santemc.quebec\/icentre\/wp-json\/wp\/v2\/posts\/1265\/revisions"}],"predecessor-version":[{"id":1267,"href":"https:\/\/santemc.quebec\/icentre\/wp-json\/wp\/v2\/posts\/1265\/revisions\/1267"}],"wp:attachment":[{"href":"https:\/\/santemc.quebec\/icentre\/wp-json\/wp\/v2\/media?parent=1265"}],"wp:term":[{"taxonomy":"category","embeddable":true,"href":"https:\/\/santemc.quebec\/icentre\/wp-json\/wp\/v2\/categories?post=1265"},{"taxonomy":"post_tag","embeddable":true,"href":"https:\/\/santemc.quebec\/icentre\/wp-json\/wp\/v2\/tags?post=1265"}],"curies":[{"name":"wp","href":"https:\/\/api.w.org\/{rel}","templated":true}]}}