{"id":1269,"date":"2015-12-02T14:54:00","date_gmt":"2015-12-02T19:54:00","guid":{"rendered":"http:\/\/santemc.quebec\/icentre\/?p=1269"},"modified":"2015-12-02T14:54:39","modified_gmt":"2015-12-02T19:54:39","slug":"3-decembre-journee-internationale-des-personnes-handicapees","status":"publish","type":"post","link":"https:\/\/santemc.quebec\/icentre\/3-decembre-journee-internationale-des-personnes-handicapees\/","title":{"rendered":"3 d\u00e9cembre : Journ\u00e9e internationale des personnes handicap\u00e9es"},"content":{"rendered":"<p><span style=\"text-decoration: underline;\"><img decoding=\"async\" loading=\"lazy\" class=\"alignnone\" src=\"https:\/\/www.ophq.gouv.qc.ca\/fileadmin\/_processed_\/csm_522x73_JIPH_2015_b940ffc6a1.jpg\" alt=\"Journ\u00e9e internationale des personnes handicap\u00e9es\" width=\"450\" height=\"63\" \/><\/span><\/p>\n<p>Le 3 d\u00e9cembre 2015 a lieu la <a href=\"https:\/\/www.ophq.gouv.qc.ca\/evenements\/journee-internationale-personnes-handicapees.html\" target=\"_blank\">Journ\u00e9e internationale des personnes handicap\u00e9es<\/a> ayant pour th\u00e8me \u00ab\u00a0Vers une soci\u00e9t\u00e9 plus inclusive\u00a0: accro\u00eetre le pouvoir d\u2019agir des personnes handicap\u00e9es\u00a0\u00bb. Cette journ\u00e9e vise \u00e0 sensibiliser la population aux difficult\u00e9s que rencontrent les personnes handicap\u00e9es et aux b\u00e9n\u00e9fices de leur participation \u00e0 la vie \u00e9conomique, sociale et culturelle. Le Minist\u00e8re soutient les actions permettant aux personnes handicap\u00e9es d\u2019int\u00e9grer davantage la soci\u00e9t\u00e9, notamment, en d\u00e9veloppant leurs comp\u00e9tences et en favorisant leur autonomie.<!--more--><\/p>\n<p>Parmi les initiatives d\u00e9ploy\u00e9es \u00e0 travers la province, soulignons celle de l\u2019organisme K\u00e9roul, auteur de <em><a href=\"http:\/\/www.larouteaccessible.com\/fr\/\" target=\"_blank\">La Route Accessible<\/a><\/em>. Ce guide r\u00e9pertorie plus de 250 sites qu\u00e9b\u00e9cois accessibles aux personnes ayant une capacit\u00e9 physique restreinte qui d\u00e9sirent voyager et faire des activit\u00e9s touristiques et culturelles dans des installations adapt\u00e9es \u00e0 leurs besoins particuliers.<\/p>\n","protected":false},"excerpt":{"rendered":"<p>Le 3 d\u00e9cembre 2015 a lieu la Journ\u00e9e internationale des personnes handicap\u00e9es ayant pour th\u00e8me \u00ab\u00a0Vers une soci\u00e9t\u00e9 plus inclusive\u00a0: accro\u00eetre le pouvoir d\u2019agir des personnes handicap\u00e9es\u00a0\u00bb. Cette journ\u00e9e vise \u00e0 sensibiliser la population aux difficult\u00e9s que rencontrent les personnes &hellip; <a href=\"https:\/\/santemc.quebec\/icentre\/3-decembre-journee-internationale-des-personnes-handicapees\/\">Continuer la lecture <span class=\"meta-nav\">&rarr;<\/span><\/a><\/p>\n","protected":false},"author":1,"featured_media":0,"comment_status":"open","ping_status":"closed","sticky":false,"template":"","format":"standard","meta":{"footnotes":""},"categories":[1],"tags":[],"_links":{"self":[{"href":"https:\/\/santemc.quebec\/icentre\/wp-json\/wp\/v2\/posts\/1269"}],"collection":[{"href":"https:\/\/santemc.quebec\/icentre\/wp-json\/wp\/v2\/posts"}],"about":[{"href":"https:\/\/santemc.quebec\/icentre\/wp-json\/wp\/v2\/types\/post"}],"author":[{"embeddable":true,"href":"https:\/\/santemc.quebec\/icentre\/wp-json\/wp\/v2\/users\/1"}],"replies":[{"embeddable":true,"href":"https:\/\/santemc.quebec\/icentre\/wp-json\/wp\/v2\/comments?post=1269"}],"version-history":[{"count":2,"href":"https:\/\/santemc.quebec\/icentre\/wp-json\/wp\/v2\/posts\/1269\/revisions"}],"predecessor-version":[{"id":1271,"href":"https:\/\/santemc.quebec\/icentre\/wp-json\/wp\/v2\/posts\/1269\/revisions\/1271"}],"wp:attachment":[{"href":"https:\/\/santemc.quebec\/icentre\/wp-json\/wp\/v2\/media?parent=1269"}],"wp:term":[{"taxonomy":"category","embeddable":true,"href":"https:\/\/santemc.quebec\/icentre\/wp-json\/wp\/v2\/categories?post=1269"},{"taxonomy":"post_tag","embeddable":true,"href":"https:\/\/santemc.quebec\/icentre\/wp-json\/wp\/v2\/tags?post=1269"}],"curies":[{"name":"wp","href":"https:\/\/api.w.org\/{rel}","templated":true}]}}