{"id":1272,"date":"2015-12-02T14:59:05","date_gmt":"2015-12-02T19:59:05","guid":{"rendered":"http:\/\/santemc.quebec\/icentre\/?p=1272"},"modified":"2015-12-02T15:00:20","modified_gmt":"2015-12-02T20:00:20","slug":"lhygiene-des-mains-un-combat-de-tous-les-jours","status":"publish","type":"post","link":"https:\/\/santemc.quebec\/icentre\/lhygiene-des-mains-un-combat-de-tous-les-jours\/","title":{"rendered":"L\u2019hygi\u00e8ne des mains, un combat de tous les jours"},"content":{"rendered":"<p><a href=\"http:\/\/www.santemonteregie.qc.ca\/userfiles\/image\/haut-richelieu-rouville\/Sant%C3%A9%20publique%20-%20Campagnes\/PCI\/Superhe%C2%A6%C3%BCros-3%20cheveux%20bleu-infirmi%C3%A8re.jpg\"><img decoding=\"async\" loading=\"lazy\" class=\"alignleft\" src=\"http:\/\/www.santemonteregie.qc.ca\/userfiles\/image\/haut-richelieu-rouville\/Sant%C3%A9%20publique%20-%20Campagnes\/PCI\/Superhe%C2%A6%C3%BCros-3%20cheveux%20bleu-infirmi%C3%A8re.jpg\" alt=\"Lavage des mains\" width=\"162\" height=\"245\" \/><\/a>Une grande importance est accord\u00e9e \u00e0 l\u2019hygi\u00e8ne des mains dans tout le r\u00e9seau de la sant\u00e9. En effet, les \u00e9tablissements de sant\u00e9 m\u00e8nent r\u00e9guli\u00e8rement des campagnes de sensibilisation \u00e0 l&rsquo;hygi\u00e8ne des mains et multiplient les m\u00e9canismes de pr\u00e9vention et de contr\u00f4le des infections. Tous ces efforts d\u00e9montrent des r\u00e9sultats concluants, mais chaque ann\u00e9e encore, trop de patients sont infect\u00e9s par des bact\u00e9ries nosocomiales. Le CISSS de la Mont\u00e9r\u00e9gie-Centre ne fait pas exception et met des efforts constants afin de contrer la propagation des infections nosocomiales.<!--more--><\/p>\n<p>Du c\u00f4t\u00e9 de l\u2019H\u00f4pital Charles-Le Moyne, une s\u00e9rie d\u2019actions ont \u00e9t\u00e9 mis en place en lien avec l&rsquo;hygi\u00e8ne des mains. L\u2019observation des audits par le service de la pr\u00e9vention et contr\u00f4le des infections a \u00e9t\u00e9 intensifi\u00e9e. De plus, des observations par les unit\u00e9s de soins de tous les quarts de travail ont \u00e9galement \u00e9t\u00e9 mises en \u0153uvre. \u00a0Du c\u00f4t\u00e9 de l\u2019H\u00f4pital du Haut-Richelieu, en plus des audits d\u2019hygi\u00e8ne des mains qui se poursuivent, une capsule vid\u00e9o rappelant les r\u00e8gles de base pour une bonne hygi\u00e8ne des mains a \u00e9t\u00e9 r\u00e9alis\u00e9e. Ce sont 556 travailleurs de la sant\u00e9 des quarts de travail de jour et de soir qui ont visionn\u00e9 cette vid\u00e9o au cours des derni\u00e8res semaines.<\/p>\n<p>Rappelons que la p\u00e9riode d\u2019activit\u00e9 grippale et de gastro-ent\u00e9rite est \u00e0 nos portes, nous insistons donc sur l\u2019importance de se laver les mains! Soulignons que des \u00e9tudes scientifiques d\u00e9montrent que c\u2019est le moyen le plus important dans la r\u00e9duction des infections dans les milieux de soins.<\/p>\n<p>&nbsp;<\/p>\n<p><strong>Passage\u00a0\u00e0 l\u2019\u00e9mission Enqu\u00eate<\/strong><\/p>\n<p>Toujours dans le m\u00eame ordre d\u2019id\u00e9e, l\u2019\u00e9mission Enqu\u00eate \u00e0 la premi\u00e8re cha\u00eene de Radio-Canada diffusait le 12 novembre dernier un reportage intitul\u00e9 <em>C. difficile : le personnel dans la majorit\u00e9 des h\u00f4pitaux du Qu\u00e9bec ne se lave pas les mains quand il le\u00a0faut. <\/em>Mentionnons que le CISSS de la Mont\u00e9r\u00e9gie-Centre a \u00e9t\u00e9 interrog\u00e9 dans le cadre de ce <a href=\"http:\/\/ici.radio-canada.ca\/tele\/enquete\/2015-2016\/segments\/reportage\/3850\/enquete-c-difficile-lavage-des-mains-hopital\" target=\"_blank\">reportage<\/a>.<\/p>\n<p>Vous pouvez \u00e9galement conna\u00eetre le taux de conformit\u00e9 de l\u2019hygi\u00e8ne des mains de chaque \u00e9tablissement de sant\u00e9 du Qu\u00e9bec en cliquant sur le lien suivant\u00a0: <a href=\"hhttp:\/\/ici.radiocanada.ca\/nouvelles\/societe\/2015\/11\/12\/001-c-difficile-lavage-laver-mains-hopitaux-maladies-nosocomiales-enquete.shtml\" target=\"_blank\">hhttp:\/\/ici.radiocanada.ca\/nouvelles\/societe\/2015\/11\/12\/001-c-difficile-lavage-laver-mains-hopitaux-maladies-nosocomiales-enquete.shtml<\/a>. Prendre note que les taux diffus\u00e9s ne sont pas des donn\u00e9es en temps r\u00e9el.<\/p>\n<p>L\u2019hygi\u00e8ne des mains, c\u2019est l\u2019affaire de tous!<\/p>\n","protected":false},"excerpt":{"rendered":"<p>Une grande importance est accord\u00e9e \u00e0 l\u2019hygi\u00e8ne des mains dans tout le r\u00e9seau de la sant\u00e9. En effet, les \u00e9tablissements de sant\u00e9 m\u00e8nent r\u00e9guli\u00e8rement des campagnes de sensibilisation \u00e0 l&rsquo;hygi\u00e8ne des mains et multiplient les m\u00e9canismes de pr\u00e9vention et de &hellip; <a href=\"https:\/\/santemc.quebec\/icentre\/lhygiene-des-mains-un-combat-de-tous-les-jours\/\">Continuer la lecture <span class=\"meta-nav\">&rarr;<\/span><\/a><\/p>\n","protected":false},"author":1,"featured_media":0,"comment_status":"open","ping_status":"closed","sticky":false,"template":"","format":"standard","meta":{"footnotes":""},"categories":[1],"tags":[],"_links":{"self":[{"href":"https:\/\/santemc.quebec\/icentre\/wp-json\/wp\/v2\/posts\/1272"}],"collection":[{"href":"https:\/\/santemc.quebec\/icentre\/wp-json\/wp\/v2\/posts"}],"about":[{"href":"https:\/\/santemc.quebec\/icentre\/wp-json\/wp\/v2\/types\/post"}],"author":[{"embeddable":true,"href":"https:\/\/santemc.quebec\/icentre\/wp-json\/wp\/v2\/users\/1"}],"replies":[{"embeddable":true,"href":"https:\/\/santemc.quebec\/icentre\/wp-json\/wp\/v2\/comments?post=1272"}],"version-history":[{"count":3,"href":"https:\/\/santemc.quebec\/icentre\/wp-json\/wp\/v2\/posts\/1272\/revisions"}],"predecessor-version":[{"id":1275,"href":"https:\/\/santemc.quebec\/icentre\/wp-json\/wp\/v2\/posts\/1272\/revisions\/1275"}],"wp:attachment":[{"href":"https:\/\/santemc.quebec\/icentre\/wp-json\/wp\/v2\/media?parent=1272"}],"wp:term":[{"taxonomy":"category","embeddable":true,"href":"https:\/\/santemc.quebec\/icentre\/wp-json\/wp\/v2\/categories?post=1272"},{"taxonomy":"post_tag","embeddable":true,"href":"https:\/\/santemc.quebec\/icentre\/wp-json\/wp\/v2\/tags?post=1272"}],"curies":[{"name":"wp","href":"https:\/\/api.w.org\/{rel}","templated":true}]}}