{"id":1278,"date":"2015-12-03T15:18:44","date_gmt":"2015-12-03T20:18:44","guid":{"rendered":"http:\/\/santemc.quebec\/icentre\/?p=1278"},"modified":"2015-12-03T15:53:10","modified_gmt":"2015-12-03T20:53:10","slug":"appels-de-candidature-pour-2-postes-de-conseillers-cadres-au-pdg","status":"publish","type":"post","link":"https:\/\/santemc.quebec\/icentre\/appels-de-candidature-pour-2-postes-de-conseillers-cadres-au-pdg\/","title":{"rendered":"Appels de candidatures pour 2 postes de conseiller-cadre au PDG"},"content":{"rendered":"<p>Voici 2 appels de candidatures pour des\u00a0postes de conseiller-cadre au PDG :<\/p>\n<ul>\n<li><a href=\"http:\/\/santemc.quebec\/santemc\/icentre\/wp-content\/uploads\/2015\/12\/Conseiller_PDG.pdf\" target=\"_blank\">Conseiller-cadre au PDG<\/a><\/li>\n<li><a href=\"http:\/\/santemc.quebec\/santemc\/icentre\/wp-content\/uploads\/2015\/12\/Conseiller_PDG_CA.pdf\" target=\"_blank\">Conseiller-cadre au PDG &#8211; soutien au conseil d\u2019administration<\/a><\/li>\n<\/ul>\n<p>Ce concours est r\u00e9serv\u00e9 \u00e0 l\u2019ensemble du personnel du CISSS de la Mont\u00e9r\u00e9gie-Centre.<!--more--><\/p>\n<p>Les personnes int\u00e9ress\u00e9es sont pri\u00e9es de faire parvenir une lettre d&rsquo;intention et leur CV. Les dossiers de candidature doivent \u00eatre re\u00e7us au plus tard le 10 d\u00e9cembre 2015, 17 h \u00e0 <a href=\"mailto:annie.leduc.cssscclm16@ssss.gouv.qc.ca\" target=\"_blank\">Mme Annie Leduc<\/a>.<\/p>\n","protected":false},"excerpt":{"rendered":"<p>Voici 2 appels de candidatures pour des\u00a0postes de conseiller-cadre au PDG : Conseiller-cadre au PDG Conseiller-cadre au PDG &#8211; soutien au conseil d\u2019administration Ce concours est r\u00e9serv\u00e9 \u00e0 l\u2019ensemble du personnel du CISSS de la Mont\u00e9r\u00e9gie-Centre.<\/p>\n","protected":false},"author":1,"featured_media":0,"comment_status":"open","ping_status":"closed","sticky":false,"template":"","format":"standard","meta":{"footnotes":""},"categories":[1],"tags":[],"_links":{"self":[{"href":"https:\/\/santemc.quebec\/icentre\/wp-json\/wp\/v2\/posts\/1278"}],"collection":[{"href":"https:\/\/santemc.quebec\/icentre\/wp-json\/wp\/v2\/posts"}],"about":[{"href":"https:\/\/santemc.quebec\/icentre\/wp-json\/wp\/v2\/types\/post"}],"author":[{"embeddable":true,"href":"https:\/\/santemc.quebec\/icentre\/wp-json\/wp\/v2\/users\/1"}],"replies":[{"embeddable":true,"href":"https:\/\/santemc.quebec\/icentre\/wp-json\/wp\/v2\/comments?post=1278"}],"version-history":[{"count":7,"href":"https:\/\/santemc.quebec\/icentre\/wp-json\/wp\/v2\/posts\/1278\/revisions"}],"predecessor-version":[{"id":1287,"href":"https:\/\/santemc.quebec\/icentre\/wp-json\/wp\/v2\/posts\/1278\/revisions\/1287"}],"wp:attachment":[{"href":"https:\/\/santemc.quebec\/icentre\/wp-json\/wp\/v2\/media?parent=1278"}],"wp:term":[{"taxonomy":"category","embeddable":true,"href":"https:\/\/santemc.quebec\/icentre\/wp-json\/wp\/v2\/categories?post=1278"},{"taxonomy":"post_tag","embeddable":true,"href":"https:\/\/santemc.quebec\/icentre\/wp-json\/wp\/v2\/tags?post=1278"}],"curies":[{"name":"wp","href":"https:\/\/api.w.org\/{rel}","templated":true}]}}