{"id":1288,"date":"2015-12-04T14:34:06","date_gmt":"2015-12-04T19:34:06","guid":{"rendered":"http:\/\/santemc.quebec\/icentre\/?p=1288"},"modified":"2015-12-04T15:19:26","modified_gmt":"2015-12-04T20:19:26","slug":"changements-a-lorganigramme-du-cisss-de-la-monteregie-centre","status":"publish","type":"post","link":"https:\/\/santemc.quebec\/icentre\/changements-a-lorganigramme-du-cisss-de-la-monteregie-centre\/","title":{"rendered":"Changements \u00e0 l&rsquo;organigramme du CISSS de la Mont\u00e9r\u00e9gie-Centre"},"content":{"rendered":"<p>Le conseil d&rsquo;administration du CISSS de la Mont\u00e9r\u00e9gie-Centre a adopt\u00e9 hier, lors de sa s\u00e9ance publique, un nouvel organigramme de la haute-direction qui est\u00a0en vigueur dans notre organisation. Cet organigramme a \u00e9galement \u00e9t\u00e9 autoris\u00e9 par le minist\u00e8re de la Sant\u00e9 et des Services sociaux.<\/p>\n<p>Le nouvel organigramme peut \u00eatre consult\u00e9 <a href=\"https:\/\/santemc.quebec\/icentre\/wp-content\/uploads\/documents\/StructureOrganisationnelle.pdf\">en cliquant ici<\/a>.<\/p>\n","protected":false},"excerpt":{"rendered":"<p>Le conseil d&rsquo;administration du CISSS de la Mont\u00e9r\u00e9gie-Centre a adopt\u00e9 hier, lors de sa s\u00e9ance publique, un nouvel organigramme de la haute-direction qui est\u00a0en vigueur dans notre organisation. Cet organigramme a \u00e9galement \u00e9t\u00e9 autoris\u00e9 par le minist\u00e8re de la Sant\u00e9 &hellip; <a href=\"https:\/\/santemc.quebec\/icentre\/changements-a-lorganigramme-du-cisss-de-la-monteregie-centre\/\">Continuer la lecture <span class=\"meta-nav\">&rarr;<\/span><\/a><\/p>\n","protected":false},"author":1,"featured_media":0,"comment_status":"open","ping_status":"closed","sticky":false,"template":"","format":"standard","meta":{"footnotes":""},"categories":[1],"tags":[],"_links":{"self":[{"href":"https:\/\/santemc.quebec\/icentre\/wp-json\/wp\/v2\/posts\/1288"}],"collection":[{"href":"https:\/\/santemc.quebec\/icentre\/wp-json\/wp\/v2\/posts"}],"about":[{"href":"https:\/\/santemc.quebec\/icentre\/wp-json\/wp\/v2\/types\/post"}],"author":[{"embeddable":true,"href":"https:\/\/santemc.quebec\/icentre\/wp-json\/wp\/v2\/users\/1"}],"replies":[{"embeddable":true,"href":"https:\/\/santemc.quebec\/icentre\/wp-json\/wp\/v2\/comments?post=1288"}],"version-history":[{"count":4,"href":"https:\/\/santemc.quebec\/icentre\/wp-json\/wp\/v2\/posts\/1288\/revisions"}],"predecessor-version":[{"id":1311,"href":"https:\/\/santemc.quebec\/icentre\/wp-json\/wp\/v2\/posts\/1288\/revisions\/1311"}],"wp:attachment":[{"href":"https:\/\/santemc.quebec\/icentre\/wp-json\/wp\/v2\/media?parent=1288"}],"wp:term":[{"taxonomy":"category","embeddable":true,"href":"https:\/\/santemc.quebec\/icentre\/wp-json\/wp\/v2\/categories?post=1288"},{"taxonomy":"post_tag","embeddable":true,"href":"https:\/\/santemc.quebec\/icentre\/wp-json\/wp\/v2\/tags?post=1288"}],"curies":[{"name":"wp","href":"https:\/\/api.w.org\/{rel}","templated":true}]}}