{"id":1293,"date":"2015-12-04T14:21:33","date_gmt":"2015-12-04T19:21:33","guid":{"rendered":"http:\/\/santemc.quebec\/icentre\/?p=1293"},"modified":"2015-12-04T14:24:07","modified_gmt":"2015-12-04T19:24:07","slug":"les-dernieres-nominations-de-cadres-intermediaires-au-cisss-de-la-monteregie-centre-10","status":"publish","type":"post","link":"https:\/\/santemc.quebec\/icentre\/les-dernieres-nominations-de-cadres-intermediaires-au-cisss-de-la-monteregie-centre-10\/","title":{"rendered":"Les derni\u00e8res nominations de cadres interm\u00e9diaires au CISSS de la Mont\u00e9r\u00e9gie-Centre"},"content":{"rendered":"<p>Voici les plus r\u00e9centes nominations :<!--more--><\/p>\n<p><strong>Direction\u00a0des services techniques<\/strong><\/p>\n<table>\n<tbody>\n<tr>\n<td width=\"60%\">Chef de secteur production, distribution, laverie au service alimentaire, site HHR<\/td>\n<td>Simon Robert-Landry<\/td>\n<\/tr>\n<\/tbody>\n<\/table>\n<p>&nbsp;<\/p>\n<p><strong>Direction adjointe des ressources informationnelles<\/strong><\/p>\n<table>\n<tbody>\n<tr>\n<td width=\"60%\">Chef de service \u2013 Exploitation infrastructures TI<\/td>\n<td>Sylvain Bolduc<\/td>\n<\/tr>\n<tr>\n<td width=\"60%\">Chef de service \u2013 Syst\u00e8mes d\u2019information<\/td>\n<td>Marie-H\u00e9ll\u00e8ne Thibault<\/td>\n<\/tr>\n<\/tbody>\n<\/table>\n<p>&nbsp;<\/p>\n<p><strong>Direction des services techniques<\/strong><\/p>\n<table>\n<tbody>\n<tr>\n<td width=\"60%\">Chef de service du fonctionnement des installations mat\u00e9rielles (H\u00f4pital du Haut-Richelieu)<\/td>\n<td>Andr\u00e9 Ouimet<\/td>\n<\/tr>\n<\/tbody>\n<\/table>\n<p>&nbsp;<\/p>\n<p><strong>Direction de la qualit\u00e9, \u00e9valuation, performance, \u00e9thique et Lean <\/strong><\/p>\n<table>\n<tbody>\n<tr>\n<td width=\"60%\">Chef de service de la gestion de projets, performance et information de gestion<\/td>\n<td>M\u00e9lanie Lapalme<\/td>\n<\/tr>\n<\/tbody>\n<\/table>\n<p>&nbsp;<\/p>\n<p><strong>Direction des services multidisciplinaires<\/strong><\/p>\n<table>\n<tbody>\n<tr>\n<td width=\"60%\">Chef de service de biologie m\u00e9dicale<\/td>\n<td>Michel Carignan<\/td>\n<\/tr>\n<\/tbody>\n<\/table>\n<p>&nbsp;<\/p>\n<p>&nbsp;<\/p>\n","protected":false},"excerpt":{"rendered":"<p>Voici les plus r\u00e9centes nominations :<\/p>\n","protected":false},"author":1,"featured_media":0,"comment_status":"open","ping_status":"closed","sticky":false,"template":"","format":"standard","meta":{"footnotes":""},"categories":[1],"tags":[8],"_links":{"self":[{"href":"https:\/\/santemc.quebec\/icentre\/wp-json\/wp\/v2\/posts\/1293"}],"collection":[{"href":"https:\/\/santemc.quebec\/icentre\/wp-json\/wp\/v2\/posts"}],"about":[{"href":"https:\/\/santemc.quebec\/icentre\/wp-json\/wp\/v2\/types\/post"}],"author":[{"embeddable":true,"href":"https:\/\/santemc.quebec\/icentre\/wp-json\/wp\/v2\/users\/1"}],"replies":[{"embeddable":true,"href":"https:\/\/santemc.quebec\/icentre\/wp-json\/wp\/v2\/comments?post=1293"}],"version-history":[{"count":2,"href":"https:\/\/santemc.quebec\/icentre\/wp-json\/wp\/v2\/posts\/1293\/revisions"}],"predecessor-version":[{"id":1298,"href":"https:\/\/santemc.quebec\/icentre\/wp-json\/wp\/v2\/posts\/1293\/revisions\/1298"}],"wp:attachment":[{"href":"https:\/\/santemc.quebec\/icentre\/wp-json\/wp\/v2\/media?parent=1293"}],"wp:term":[{"taxonomy":"category","embeddable":true,"href":"https:\/\/santemc.quebec\/icentre\/wp-json\/wp\/v2\/categories?post=1293"},{"taxonomy":"post_tag","embeddable":true,"href":"https:\/\/santemc.quebec\/icentre\/wp-json\/wp\/v2\/tags?post=1293"}],"curies":[{"name":"wp","href":"https:\/\/api.w.org\/{rel}","templated":true}]}}