{"id":1300,"date":"2015-12-04T14:23:13","date_gmt":"2015-12-04T19:23:13","guid":{"rendered":"http:\/\/santemc.quebec\/icentre\/?p=1300"},"modified":"2015-12-04T14:23:36","modified_gmt":"2015-12-04T19:23:36","slug":"nomination-de-madame-marie-johanne-nadeau-au-poste-de-directrice-adjointe-de-la-direction-de-sante-publique","status":"publish","type":"post","link":"https:\/\/santemc.quebec\/icentre\/nomination-de-madame-marie-johanne-nadeau-au-poste-de-directrice-adjointe-de-la-direction-de-sante-publique\/","title":{"rendered":"Nomination de madame Marie-Johanne Nadeau au poste de directrice adjointe de la Direction de sant\u00e9 publique"},"content":{"rendered":"<p>C\u2019est avec plaisir que je vous annonce la nomination de madame Marie-Johanne Nadeau au poste de directrice adjointe de la Direction de sant\u00e9 publique pour le CISSS de la Mont\u00e9r\u00e9gie-Centre. Madame Nadeau poss\u00e8de un baccalaur\u00e9at en communication, une ma\u00eetrise en administration publique ainsi qu\u2019une sp\u00e9cialisation de deuxi\u00e8me cycle pour gestionnaires exp\u00e9riment\u00e9s de l\u2019Institut international des cadres de McGill. De 2009 \u00e0 sa nomination, elle coordonnait le secteur Sant\u00e9 environnementale \u00e0 la Direction de la sant\u00e9 publique de l\u2019Agence de la sant\u00e9 et des services sociaux de la Mont\u00e9r\u00e9gie. Elle avait auparavant occup\u00e9 pendant 16\u00a0ans diff\u00e9rents postes professionnels et de gestion en CLSC en plus d\u2019avoir \u0153uvr\u00e9 plusieurs ann\u00e9es au sein de la fonction publique qu\u00e9b\u00e9coise \u00e0 titre de directrice de cabinet de ministre.<!--more--><\/p>\n<p>Reconnue pour sa rigueur ainsi que ses habilet\u00e9s de leader et de rassembleuse, madame Nadeau compte \u00e0 son actif des r\u00e9alisations significatives en sant\u00e9 publique, en prise de d\u00e9cisions strat\u00e9giques et en mobilisation de ressources. Anim\u00e9e d\u2019une passion ind\u00e9fectible pour la sant\u00e9 publique, pour laquelle elle cultive une vision transversale et int\u00e9gratrice, elle est fortement stimul\u00e9e \u00e0 faire \u00e9voluer nos relations avec l\u2019ensemble des intervenants de la Mont\u00e9r\u00e9gie vers un maillage plus \u00e9troit.<\/p>\n<p>Nous sommes tr\u00e8s heureux qu\u2019elle se joigne \u00e0 l\u2019\u00e9quipe de direction du CISSS de la Mont\u00e9r\u00e9gie-Centre et nous lui souhaitons la meilleure des chances dans l\u2019exercice de ses nouvelles fonctions et tout le succ\u00e8s voulu dans la poursuite de sa carri\u00e8re.<\/p>\n<p>Richard Deschamps,<br \/>\npr\u00e9sident-directeur g\u00e9n\u00e9ral<\/p>\n","protected":false},"excerpt":{"rendered":"<p>C\u2019est avec plaisir que je vous annonce la nomination de madame Marie-Johanne Nadeau au poste de directrice adjointe de la Direction de sant\u00e9 publique pour le CISSS de la Mont\u00e9r\u00e9gie-Centre. Madame Nadeau poss\u00e8de un baccalaur\u00e9at en communication, une ma\u00eetrise en &hellip; <a href=\"https:\/\/santemc.quebec\/icentre\/nomination-de-madame-marie-johanne-nadeau-au-poste-de-directrice-adjointe-de-la-direction-de-sante-publique\/\">Continuer la lecture <span class=\"meta-nav\">&rarr;<\/span><\/a><\/p>\n","protected":false},"author":1,"featured_media":0,"comment_status":"open","ping_status":"closed","sticky":false,"template":"","format":"standard","meta":{"footnotes":""},"categories":[2,1],"tags":[8],"_links":{"self":[{"href":"https:\/\/santemc.quebec\/icentre\/wp-json\/wp\/v2\/posts\/1300"}],"collection":[{"href":"https:\/\/santemc.quebec\/icentre\/wp-json\/wp\/v2\/posts"}],"about":[{"href":"https:\/\/santemc.quebec\/icentre\/wp-json\/wp\/v2\/types\/post"}],"author":[{"embeddable":true,"href":"https:\/\/santemc.quebec\/icentre\/wp-json\/wp\/v2\/users\/1"}],"replies":[{"embeddable":true,"href":"https:\/\/santemc.quebec\/icentre\/wp-json\/wp\/v2\/comments?post=1300"}],"version-history":[{"count":2,"href":"https:\/\/santemc.quebec\/icentre\/wp-json\/wp\/v2\/posts\/1300\/revisions"}],"predecessor-version":[{"id":1302,"href":"https:\/\/santemc.quebec\/icentre\/wp-json\/wp\/v2\/posts\/1300\/revisions\/1302"}],"wp:attachment":[{"href":"https:\/\/santemc.quebec\/icentre\/wp-json\/wp\/v2\/media?parent=1300"}],"wp:term":[{"taxonomy":"category","embeddable":true,"href":"https:\/\/santemc.quebec\/icentre\/wp-json\/wp\/v2\/categories?post=1300"},{"taxonomy":"post_tag","embeddable":true,"href":"https:\/\/santemc.quebec\/icentre\/wp-json\/wp\/v2\/tags?post=1300"}],"curies":[{"name":"wp","href":"https:\/\/api.w.org\/{rel}","templated":true}]}}