{"id":1312,"date":"2015-12-09T09:15:20","date_gmt":"2015-12-09T14:15:20","guid":{"rendered":"http:\/\/santemc.quebec\/icentre\/?p=1312"},"modified":"2015-12-09T15:27:22","modified_gmt":"2015-12-09T20:27:22","slug":"modification-partielle-au-plan-dorganisation-de-la-direction-des-ressources-humaines-des-communications-et-des-affaires-juridiques","status":"publish","type":"post","link":"https:\/\/santemc.quebec\/icentre\/modification-partielle-au-plan-dorganisation-de-la-direction-des-ressources-humaines-des-communications-et-des-affaires-juridiques\/","title":{"rendered":"Modification partielle au plan d\u2019organisation de la Direction des ressources humaines, des communications et des affaires juridiques"},"content":{"rendered":"<p>Bonjour,<\/p>\n<p>La pr\u00e9sente a pour objet de vous informer que des modifications ont \u00e9t\u00e9 apport\u00e9es au plan d\u2019organisation de la Direction des ressources humaines, des communications et des affaires juridiques.<!--more--><\/p>\n<p>Ainsi, la direction adjointe communications, enseignement non universitaire et projets sp\u00e9ciaux, sous la responsabilit\u00e9 de Madame Sylvie Gr\u00e9goire, devient la direction adjointe communications, relations avec les m\u00e9dias et projets sp\u00e9ciaux en accueillant Madame Martine Lesage et l\u2019ensemble des activit\u00e9s de relations m\u00e9dias et minist\u00e9rielles qui \u00e9tait attach\u00e9 au bureau du Pr\u00e9sident-directeur g\u00e9n\u00e9ral.<\/p>\n<p>De plus, le volet de l\u2019enseignement non universitaire est d\u00e9sormais sous la responsabilit\u00e9 de Madame Carolyne Rousseau, adjointe \u00e0 la directrice des ressources humaines, communications et affaires juridiques et responsable du d\u00e9veloppement organisationnel.<\/p>\n<p>Par ailleurs, le programme d\u2019acc\u00e8s aux services en langue anglaise sera \u00e9galement sous la responsabilit\u00e9 de la Direction adjointe communications, relations avec les m\u00e9dias et projets sp\u00e9ciaux.<\/p>\n<p>Ces changements favoriseront une meilleure synergie dans les diff\u00e9rentes \u00e9quipes et aupr\u00e8s des diff\u00e9rents services de notre organisation.<\/p>\n<p>Que mes meilleurs v\u0153ux de succ\u00e8s les accompagnent dans la poursuite de leurs activit\u00e9s respectives.<\/p>\n<p>&nbsp;<\/p>\n<p>Maryse Poupart,<br \/>\nDirectrice\u00a0des ressources humaines, des communications et des affaires juridiques.<\/p>\n","protected":false},"excerpt":{"rendered":"<p>Bonjour, La pr\u00e9sente a pour objet de vous informer que des modifications ont \u00e9t\u00e9 apport\u00e9es au plan d\u2019organisation de la Direction des ressources humaines, des communications et des affaires juridiques.<\/p>\n","protected":false},"author":1,"featured_media":0,"comment_status":"open","ping_status":"closed","sticky":false,"template":"","format":"standard","meta":{"footnotes":""},"categories":[1],"tags":[],"_links":{"self":[{"href":"https:\/\/santemc.quebec\/icentre\/wp-json\/wp\/v2\/posts\/1312"}],"collection":[{"href":"https:\/\/santemc.quebec\/icentre\/wp-json\/wp\/v2\/posts"}],"about":[{"href":"https:\/\/santemc.quebec\/icentre\/wp-json\/wp\/v2\/types\/post"}],"author":[{"embeddable":true,"href":"https:\/\/santemc.quebec\/icentre\/wp-json\/wp\/v2\/users\/1"}],"replies":[{"embeddable":true,"href":"https:\/\/santemc.quebec\/icentre\/wp-json\/wp\/v2\/comments?post=1312"}],"version-history":[{"count":2,"href":"https:\/\/santemc.quebec\/icentre\/wp-json\/wp\/v2\/posts\/1312\/revisions"}],"predecessor-version":[{"id":1314,"href":"https:\/\/santemc.quebec\/icentre\/wp-json\/wp\/v2\/posts\/1312\/revisions\/1314"}],"wp:attachment":[{"href":"https:\/\/santemc.quebec\/icentre\/wp-json\/wp\/v2\/media?parent=1312"}],"wp:term":[{"taxonomy":"category","embeddable":true,"href":"https:\/\/santemc.quebec\/icentre\/wp-json\/wp\/v2\/categories?post=1312"},{"taxonomy":"post_tag","embeddable":true,"href":"https:\/\/santemc.quebec\/icentre\/wp-json\/wp\/v2\/tags?post=1312"}],"curies":[{"name":"wp","href":"https:\/\/api.w.org\/{rel}","templated":true}]}}