{"id":1320,"date":"2015-12-09T11:57:03","date_gmt":"2015-12-09T16:57:03","guid":{"rendered":"http:\/\/santemc.quebec\/icentre\/?p=1320"},"modified":"2015-12-09T15:33:14","modified_gmt":"2015-12-09T20:33:14","slug":"autorisation-dutilisation-des-locaux-situes-au-1255-beauregard-a-longueuil","status":"publish","type":"post","link":"https:\/\/santemc.quebec\/icentre\/autorisation-dutilisation-des-locaux-situes-au-1255-beauregard-a-longueuil\/","title":{"rendered":"Autorisation d\u2019utilisation des locaux situ\u00e9s au 1255 Beauregard \u00e0 Longueuil"},"content":{"rendered":"<p><a href=\"http:\/\/santemc.quebec\/santemc\/icentre\/wp-content\/uploads\/2015\/03\/Richard-Deschamps-2012-001-e1430408854308.jpg\"><img decoding=\"async\" loading=\"lazy\" class=\"alignleft wp-image-107 size-thumbnail\" src=\"http:\/\/santemc.quebec\/santemc\/icentre\/wp-content\/uploads\/2015\/03\/Richard-Deschamps-2012-001-150x150.jpg\" alt=\"Richard Deschamps 2012 001\" width=\"150\" height=\"150\" \/><\/a>Bonjour,<\/p>\n<p>La pr\u00e9sente a pour objet de vous informer que, vendredi dernier, nous avons re\u00e7u l\u2019autorisation du minist\u00e8re de la Sant\u00e9 et des Services sociaux pour utiliser les espaces occup\u00e9s jadis par l\u2019ex-Agence de la Mont\u00e9r\u00e9gie au 1255 Beauregard \u00e0 Longueuil. L\u2019utilisation de ces espaces, devenus partiellement vacants \u00e0 la suite de la fusion du 1er avril dernier, aura pour effet d\u2019intensifier la vocation clinique et administrative du b\u00e2timent. Il faut se rappeler que le 1255 Beauregard compte d\u00e9j\u00e0 des activit\u00e9s cliniques en raison des unit\u00e9s de r\u00e9adaptation et d&rsquo;une \u00e9quipe territoriale en protection des Centres Jeunesse ainsi que la Direction de la sant\u00e9 publique r\u00e9gionale.<!--more--><\/p>\n<p>Cette bonne nouvelle nous permettra, au cours des prochains mois, d\u2019actualiser notre plan de d\u00e9veloppement clinique et immobilier. Cette d\u00e9cision favorisera ainsi le d\u00e9veloppement des espaces n\u00e9cessaires \u00e0 l\u2019H\u00f4pital Charles-Le Moyne pour la r\u00e9alisation d\u2019activit\u00e9s cliniques \u00e0 haute intensit\u00e9 destin\u00e9es \u00e0 la client\u00e8le et permettra une utilisation optimale de tous les espaces disponibles dans nos installations en relocalisant certains services administratifs et cliniques de plus faible intensit\u00e9.<\/p>\n<p>Cette confirmation marque particuli\u00e8rement le coup d\u2019envoi de la mise en \u0153uvre du d\u00e9veloppement de 27 lits de courte dur\u00e9e \u00e0 l\u2019H\u00f4pital Charles-Le Moyne, dans le cadre de l\u2019op\u00e9ration de rapatriement de la client\u00e8le 514-450 ainsi que de la poursuite du d\u00e9veloppement de la m\u00e9decine ambulatoire.<\/p>\n<p>Par ailleurs, rappelons que l\u2019ajout de 10 lits de courte dur\u00e9e \u00e0 l\u2019H\u00f4pital du Haut-Richelieu li\u00e9 au rapatriement de la client\u00e8le 514-450 et le d\u00e9veloppement des secteurs ambulatoires s\u2019actualiseront, tel que pr\u00e9vu, suite au transfert des services de r\u00e9adaptation externe dans les futurs locaux du 1225 rue Douglas, de m\u00eame qu\u2019aux espaces lib\u00e9r\u00e9s par la r\u00e9alisation du projet majeur de construction.<\/p>\n<p>Nous vous tiendrons inform\u00e9s de l\u2019\u00e9volution de ce dossier qui nous permettra d\u2019optimiser nos espaces locatifs pour le b\u00e9n\u00e9fice de notre client\u00e8le.<\/p>\n<p>Richard Deschamps,<br \/>\npr\u00e9sident directeur g\u00e9n\u00e9ral<\/p>\n","protected":false},"excerpt":{"rendered":"<p>Bonjour, La pr\u00e9sente a pour objet de vous informer que, vendredi dernier, nous avons re\u00e7u l\u2019autorisation du minist\u00e8re de la Sant\u00e9 et des Services sociaux pour utiliser les espaces occup\u00e9s jadis par l\u2019ex-Agence de la Mont\u00e9r\u00e9gie au 1255 Beauregard \u00e0 &hellip; <a href=\"https:\/\/santemc.quebec\/icentre\/autorisation-dutilisation-des-locaux-situes-au-1255-beauregard-a-longueuil\/\">Continuer la lecture <span class=\"meta-nav\">&rarr;<\/span><\/a><\/p>\n","protected":false},"author":1,"featured_media":0,"comment_status":"open","ping_status":"closed","sticky":false,"template":"","format":"standard","meta":{"footnotes":""},"categories":[9],"tags":[],"_links":{"self":[{"href":"https:\/\/santemc.quebec\/icentre\/wp-json\/wp\/v2\/posts\/1320"}],"collection":[{"href":"https:\/\/santemc.quebec\/icentre\/wp-json\/wp\/v2\/posts"}],"about":[{"href":"https:\/\/santemc.quebec\/icentre\/wp-json\/wp\/v2\/types\/post"}],"author":[{"embeddable":true,"href":"https:\/\/santemc.quebec\/icentre\/wp-json\/wp\/v2\/users\/1"}],"replies":[{"embeddable":true,"href":"https:\/\/santemc.quebec\/icentre\/wp-json\/wp\/v2\/comments?post=1320"}],"version-history":[{"count":2,"href":"https:\/\/santemc.quebec\/icentre\/wp-json\/wp\/v2\/posts\/1320\/revisions"}],"predecessor-version":[{"id":1322,"href":"https:\/\/santemc.quebec\/icentre\/wp-json\/wp\/v2\/posts\/1320\/revisions\/1322"}],"wp:attachment":[{"href":"https:\/\/santemc.quebec\/icentre\/wp-json\/wp\/v2\/media?parent=1320"}],"wp:term":[{"taxonomy":"category","embeddable":true,"href":"https:\/\/santemc.quebec\/icentre\/wp-json\/wp\/v2\/categories?post=1320"},{"taxonomy":"post_tag","embeddable":true,"href":"https:\/\/santemc.quebec\/icentre\/wp-json\/wp\/v2\/tags?post=1320"}],"curies":[{"name":"wp","href":"https:\/\/api.w.org\/{rel}","templated":true}]}}