{"id":1324,"date":"2015-12-10T16:17:12","date_gmt":"2015-12-10T21:17:12","guid":{"rendered":"http:\/\/santemc.quebec\/icentre\/?p=1324"},"modified":"2015-12-11T10:10:29","modified_gmt":"2015-12-11T15:10:29","slug":"entree-en-vigueur-de-la-loi-concernant-les-soins-de-fin-de-vie","status":"publish","type":"post","link":"https:\/\/santemc.quebec\/icentre\/entree-en-vigueur-de-la-loi-concernant-les-soins-de-fin-de-vie\/","title":{"rendered":"Entr\u00e9e en vigueur de la Loi concernant les soins de fin de vie"},"content":{"rendered":"<p><a href=\"http:\/\/santemc.quebec\/santemc\/icentre\/wp-content\/uploads\/2015\/03\/Richard-Deschamps-2012-001-e1430408854308.jpg\"><img decoding=\"async\" loading=\"lazy\" class=\"alignleft wp-image-107 size-thumbnail\" src=\"http:\/\/santemc.quebec\/santemc\/icentre\/wp-content\/uploads\/2015\/03\/Richard-Deschamps-2012-001-150x150.jpg\" alt=\"Richard Deschamps 2012 001\" width=\"150\" height=\"150\" \/><\/a><\/p>\n<p>Bonjour,<\/p>\n<p>Hier, la Cour d&rsquo;appel a accord\u00e9 \u00e0 la Procureure g\u00e9n\u00e9rale du Qu\u00e9bec la permission d&rsquo;interjeter appel du jugement rendu par le juge Pinsonnault le 1<sup>er<\/sup> d\u00e9cembre dernier et qui avait pour effet de rendre inop\u00e9rants les articles portant sur l&rsquo;aide m\u00e9dicale \u00e0 mourir.<!--more--><\/p>\n<p>D&rsquo;ici \u00e0 ce que cette d\u00e9cision soit rendue, les articles 4 et 26 \u00e0 32 de la Loi concernant les soins de fin de vie entrent en vigueur comme pr\u00e9vu d\u00e8s aujourd\u2019hui. Advenant le cas o\u00f9 une demande d&rsquo;aide m\u00e9dicale \u00e0 mourir \u00e9tait pr\u00e9sent\u00e9e d&rsquo;ici la d\u00e9cision finale de la Cour d&rsquo;appel, la loi s&rsquo;applique et les d\u00e9marches pour s&rsquo;assurer qu&rsquo;une personne r\u00e9ponde aux conditions pour obtenir l&rsquo;aide m\u00e9dicale \u00e0 mourir puissent \u00eatre entreprises. Aussi, dans le but que les m\u00e9decins qui agiront dans les limites pr\u00e9vues par la Loi ne fassent pas l\u2019objet de poursuite, la Procureure g\u00e9n\u00e9rale du Qu\u00e9bec \u00e9mettra une orientation au Directeur des poursuites criminelles et p\u00e9nales.<\/p>\n<p>Comme mentionn\u00e9 dans la d\u00e9cision rendue hier par le juge Mainville, l&rsquo;appel final sera entendu le 18 d\u00e9cembre prochain. C&rsquo;est \u00e0 ce moment que la Cour d&rsquo;appel aura \u00e0 d\u00e9cider si le jugement rendu par le juge Pinsonnault est confirm\u00e9 ou infirm\u00e9.<\/p>\n<p>Entre-temps, je vous annonce que notre \u00e9tablissement a adopt\u00e9, le 3 d\u00e9cembre dernier, une <a href=\"http:\/\/www.santemonteregie.qc.ca\/depot\/document\/1849\/CISSSMC2015-01_Pol_Soins_fin_vie%202015%20VFinale.pdf\" target=\"_blank\">politique sur les soins de fin de vie<\/a>. Si vous souhaitez la consulter, elle est aussi d\u00e9pos\u00e9e sur le \u00abG\u00bb et dans l\u2019intranet.<\/p>\n<p>Aussi, je vous invite \u00e0 consulter la <a href=\"http:\/\/santemc.quebec\/santemc\/icentre\/wp-content\/uploads\/2015\/12\/NS_Pr\u00e9sentation-du-GIS_Soins-de-fin-de-vie.pdf\" target=\"_blank\">note de service\u00a0sur le Groupe interdisciplinaire de soutien (GIS)<\/a>\u00a0qui d\u00e9bute ses activit\u00e9s aujourd\u2019hui dans le but de soutenir les \u00e9quipes dans le cheminement clinico-administratif de toute demande d\u2019aide m\u00e9dicale \u00e0 mourir. \u00c9galement, je vous informe de la diffusion de la premi\u00e8re<a href=\"http:\/\/santemc.quebec\/santemc\/icentre\/wp-content\/uploads\/2015\/12\/Infolettre_-no1_10-d\u00e9cembre.pdf\" target=\"_blank\"> infolettre sur les soins de fin de vie<\/a>, elle para\u00eetra toutes les deux semaines afin de vous renseigner sur l\u2019\u00e9volution du d\u00e9ploiement de la Loi dans notre \u00e9tablissement.<\/p>\n<p>En terminant, soyez assur\u00e9s que nous vous informerons le plus rapidement possible de la d\u00e9cision finale sur l&rsquo;appel qui sera entendu le 18 d\u00e9cembre 2015.<\/p>\n<p>&nbsp;<\/p>\n<p>Richard Deschamps,<br \/>\npr\u00e9sident directeur g\u00e9n\u00e9ral<\/p>\n","protected":false},"excerpt":{"rendered":"<p>Bonjour, Hier, la Cour d&rsquo;appel a accord\u00e9 \u00e0 la Procureure g\u00e9n\u00e9rale du Qu\u00e9bec la permission d&rsquo;interjeter appel du jugement rendu par le juge Pinsonnault le 1er d\u00e9cembre dernier et qui avait pour effet de rendre inop\u00e9rants les articles portant sur &hellip; <a href=\"https:\/\/santemc.quebec\/icentre\/entree-en-vigueur-de-la-loi-concernant-les-soins-de-fin-de-vie\/\">Continuer la lecture <span class=\"meta-nav\">&rarr;<\/span><\/a><\/p>\n","protected":false},"author":1,"featured_media":0,"comment_status":"open","ping_status":"closed","sticky":false,"template":"","format":"standard","meta":{"footnotes":""},"categories":[9],"tags":[],"_links":{"self":[{"href":"https:\/\/santemc.quebec\/icentre\/wp-json\/wp\/v2\/posts\/1324"}],"collection":[{"href":"https:\/\/santemc.quebec\/icentre\/wp-json\/wp\/v2\/posts"}],"about":[{"href":"https:\/\/santemc.quebec\/icentre\/wp-json\/wp\/v2\/types\/post"}],"author":[{"embeddable":true,"href":"https:\/\/santemc.quebec\/icentre\/wp-json\/wp\/v2\/users\/1"}],"replies":[{"embeddable":true,"href":"https:\/\/santemc.quebec\/icentre\/wp-json\/wp\/v2\/comments?post=1324"}],"version-history":[{"count":4,"href":"https:\/\/santemc.quebec\/icentre\/wp-json\/wp\/v2\/posts\/1324\/revisions"}],"predecessor-version":[{"id":1331,"href":"https:\/\/santemc.quebec\/icentre\/wp-json\/wp\/v2\/posts\/1324\/revisions\/1331"}],"wp:attachment":[{"href":"https:\/\/santemc.quebec\/icentre\/wp-json\/wp\/v2\/media?parent=1324"}],"wp:term":[{"taxonomy":"category","embeddable":true,"href":"https:\/\/santemc.quebec\/icentre\/wp-json\/wp\/v2\/categories?post=1324"},{"taxonomy":"post_tag","embeddable":true,"href":"https:\/\/santemc.quebec\/icentre\/wp-json\/wp\/v2\/tags?post=1324"}],"curies":[{"name":"wp","href":"https:\/\/api.w.org\/{rel}","templated":true}]}}