{"id":133,"date":"2015-05-06T13:42:55","date_gmt":"2015-05-06T17:42:55","guid":{"rendered":"http:\/\/santemc.quebec\/journal\/?p=133"},"modified":"2015-05-06T13:44:07","modified_gmt":"2015-05-06T17:44:07","slug":"133","status":"publish","type":"post","link":"https:\/\/santemc.quebec\/icentre\/133\/","title":{"rendered":"Nomination de la directrice g\u00e9n\u00e9rale adjointe aux programmes de soutien, d\u2019administration et des partenariats et directrice de la logistique"},"content":{"rendered":"<p>C\u2019est avec plaisir que je vous annonce la nomination de madame Christine Daniel au poste de directrice g\u00e9n\u00e9rale adjointe aux programmes de soutien, d\u2019administration et des partenariats, et directrice de la logistique pour le CISSS de la Mont\u00e9r\u00e9gie-Centre. Madame Daniel, qui a une formation en sciences \u00e9conomiques, un dipl\u00f4me de 2e cycle en administration publique et une ma\u00eetrise en d\u00e9veloppement r\u00e9gional oeuvre dans le r\u00e9seau de la sant\u00e9 et des services sociaux depuis plus de 20 ans, dont une quinzaine d\u2019ann\u00e9es dans des fonctions d\u2019encadrement. Jusqu\u2019\u00e0 sa nomination, elle \u00e9tait secr\u00e9taire g\u00e9n\u00e9rale et directrice des communications et des affaires corporatives \u00e0 l\u2019Agence de la sant\u00e9 et des services sociaux de la Mont\u00e9r\u00e9gie. Auparavant, elle a notamment \u00e9t\u00e9 adjointe \u00e0 la direction g\u00e9n\u00e9rale et responsable des communications \u00e0 l&rsquo;Institut universitaire de g\u00e9riatrie de Montr\u00e9al, coordonnatrice des communications \u00e0 l\u2019H\u00f4pital du Sacr\u00e9-Coeur de Montr\u00e9al et directrice des communications \u00e0 la Commission Clair.<!--more--><\/p>\n<p>Madame Daniel a un parcours professionnel jalonn\u00e9 d\u2019exp\u00e9riences et d\u2019expertises riches et vari\u00e9es. En effet, tout au long de sa carri\u00e8re, elle a assum\u00e9 la responsabilit\u00e9 de plusieurs volets entourant la logistique et la gestion des contrats, dont notamment la mise en oeuvre de processus de gestion, de responsabilisation et d\u2019imputabilit\u00e9 li\u00e9s aux contrats actifs. Elle a aussi collabor\u00e9 \u00e0 l\u2019implantation de diff\u00e9rents dossiers de ressources informationnelles tels que le Programme qu\u00e9b\u00e9cois d\u2019adoption des dossiers m\u00e9dicaux \u00e9lectroniques et le dossier Sant\u00e9 Qu\u00e9bec, a particip\u00e9 \u00e0 l\u2019exercice de positionnement strat\u00e9gique du GBM et a \u00e9t\u00e9 tr\u00e8s impliqu\u00e9e depuis 2007 dans tous les \u00e9v\u00e9nements faisant appel \u00e0 la mission de s\u00e9curit\u00e9 civile, tant pour des situations de sant\u00e9 publique que pour des sinistres impliquant le r\u00e9seau mont\u00e9r\u00e9gien. En outre, madame Daniel a pilot\u00e9 plusieurs grands projets de communication publique \u00e0 l\u2019\u00e9chelle r\u00e9gionale et a d\u00e9velopp\u00e9 un grand nombre de plans strat\u00e9giques de communication en sant\u00e9 et services sociaux.<\/p>\n<p>Madame Daniel est reconnue pour ses habilet\u00e9s strat\u00e9giques, son esprit de synth\u00e8se, son style de gestion orient\u00e9 vers les r\u00e9sultats de m\u00eame que son leadership, ses grandes capacit\u00e9s \u00e0 naviguer dans un environnement complexe et son sens de l\u2019organisation dans le d\u00e9veloppement de programmes d\u2019envergure.<\/p>\n<p>Nous sommes tr\u00e8s heureux qu\u2019elle se joigne \u00e0 l\u2019\u00e9quipe de direction du CISSS de la Mont\u00e9r\u00e9gie-Centre et nous lui souhaitons la meilleure des chances dans l\u2019exercice de ses nouvelles fonctions et tout le succ\u00e8s voulu dans la poursuite de sa carri\u00e8re.<\/p>\n","protected":false},"excerpt":{"rendered":"<p>C\u2019est avec plaisir que je vous annonce la nomination de madame Christine Daniel au poste de directrice g\u00e9n\u00e9rale adjointe aux programmes de soutien, d\u2019administration et des partenariats, et directrice de la logistique pour le CISSS de la Mont\u00e9r\u00e9gie-Centre. Madame Daniel, &hellip; <a href=\"https:\/\/santemc.quebec\/icentre\/133\/\">Continuer la lecture <span class=\"meta-nav\">&rarr;<\/span><\/a><\/p>\n","protected":false},"author":1,"featured_media":0,"comment_status":"open","ping_status":"closed","sticky":false,"template":"","format":"standard","meta":{"footnotes":""},"categories":[2],"tags":[8],"_links":{"self":[{"href":"https:\/\/santemc.quebec\/icentre\/wp-json\/wp\/v2\/posts\/133"}],"collection":[{"href":"https:\/\/santemc.quebec\/icentre\/wp-json\/wp\/v2\/posts"}],"about":[{"href":"https:\/\/santemc.quebec\/icentre\/wp-json\/wp\/v2\/types\/post"}],"author":[{"embeddable":true,"href":"https:\/\/santemc.quebec\/icentre\/wp-json\/wp\/v2\/users\/1"}],"replies":[{"embeddable":true,"href":"https:\/\/santemc.quebec\/icentre\/wp-json\/wp\/v2\/comments?post=133"}],"version-history":[{"count":2,"href":"https:\/\/santemc.quebec\/icentre\/wp-json\/wp\/v2\/posts\/133\/revisions"}],"predecessor-version":[{"id":135,"href":"https:\/\/santemc.quebec\/icentre\/wp-json\/wp\/v2\/posts\/133\/revisions\/135"}],"wp:attachment":[{"href":"https:\/\/santemc.quebec\/icentre\/wp-json\/wp\/v2\/media?parent=133"}],"wp:term":[{"taxonomy":"category","embeddable":true,"href":"https:\/\/santemc.quebec\/icentre\/wp-json\/wp\/v2\/categories?post=133"},{"taxonomy":"post_tag","embeddable":true,"href":"https:\/\/santemc.quebec\/icentre\/wp-json\/wp\/v2\/tags?post=133"}],"curies":[{"name":"wp","href":"https:\/\/api.w.org\/{rel}","templated":true}]}}