{"id":1332,"date":"2015-12-11T16:12:59","date_gmt":"2015-12-11T21:12:59","guid":{"rendered":"http:\/\/santemc.quebec\/icentre\/?p=1332"},"modified":"2015-12-11T16:27:15","modified_gmt":"2015-12-11T21:27:15","slug":"nomination-des-cadres-cliniques","status":"publish","type":"post","link":"https:\/\/santemc.quebec\/icentre\/nomination-des-cadres-cliniques\/","title":{"rendered":"Nomination des cadres cliniques"},"content":{"rendered":"<p>Mesdames, Messieurs,<\/p>\n<p>Suivant les processus de s\u00e9lection des postes d\u2019encadrement cliniques en lien avec la r\u00e9organisation administrative, c\u2019est avec plaisir que nous vous annon\u00e7ons les nominations de la semaine.<!--more--><\/p>\n<p><strong>Direction des programmes de d\u00e9ficience intellectuelle, trouble du spectre de l\u2019autisme et de d\u00e9ficience physique<\/strong><\/p>\n<table style=\"width: 100%;\" border=\"0\" cellspacing=\"0\" cellpadding=\"0\" align=\"left\">\n<tbody>\n<tr style=\"background-color: #c6cdd7;\">\n<td style=\"width: 70%;\"><strong><u>Titre de la fonction<\/u><\/strong><\/td>\n<td><strong><u>Nom du titulaire<\/u><\/strong><\/td>\n<\/tr>\n<tr>\n<td>Coordonnatrice des services de r\u00e9adaptation en d\u00e9ficience visuelle<\/td>\n<td>Madame Sylvie Auclair<\/td>\n<\/tr>\n<\/tbody>\n<\/table>\n<p>&nbsp;<br \/>\n<strong>Direction des services professionnels \u00a0 \u00a0 \u00a0 \u00a0 \u00a0 \u00a0 \u00a0 \u00a0\u00a0<\/strong><strong>\u00a0 \u00a0 \u00a0 \u00a0 \u00a0 \u00a0 \u00a0 \u00a0 \u00a0 \u00a0 \u00a0 \u00a0 \u00a0 \u00a0 \u00a0 \u00a0 \u00a0 \u00a0 \u00a0 \u00a0 \u00a0 \u00a0 \u00a0 \u00a0 \u00a0 \u00a0 \u00a0 \u00a0 \u00a0 \u00a0 \u00a0<\/strong><\/p>\n<table style=\"width: 100%;\" border=\"0\" cellspacing=\"0\" cellpadding=\"0\" align=\"left\">\n<tbody>\n<tr style=\"background-color: #c6cdd7;\">\n<td style=\"width: 70%;\"><strong><u>Titre de la fonction<\/u><\/strong><\/td>\n<td><strong><u>Nom du titulaire<\/u><\/strong><\/td>\n<\/tr>\n<tr>\n<td>Adjointe \u00e0 l\u2019administration des affaires m\u00e9dicales<\/td>\n<td>Marie-\u00c8ve Gadoua<\/td>\n<\/tr>\n<\/tbody>\n<\/table>\n<p>&nbsp;<br \/>\n<strong>Direction du programme de sant\u00e9 mentale et d\u00e9pendance \u00a0 \u00a0 \u00a0 \u00a0 \u00a0 \u00a0 \u00a0 \u00a0 \u00a0 \u00a0\u00a0<\/strong><\/p>\n<table style=\"width: 100%;\" border=\"0\" cellspacing=\"0\" cellpadding=\"0\" align=\"left\">\n<tbody>\n<tr style=\"background-color: #c6cdd7;\">\n<td style=\"width: 70%;\"><strong><u>Titre de la fonction<\/u><\/strong><\/td>\n<td><strong><u>Nom du titulaire<\/u><\/strong><\/td>\n<\/tr>\n<tr>\n<td>Chef de l\u2019administration du programme sant\u00e9 mentale<br \/>\nadulte 1<sup>re<\/sup> ligne d\u00e9pendance\/SIV au territoire CCLM<\/td>\n<td>Christine Lareau<\/td>\n<\/tr>\n<tr>\n<td>Chef de l\u2019administration du programme de suivi intensif<\/td>\n<td>Caroline Dindinaud<\/td>\n<\/tr>\n<\/tbody>\n<\/table>\n<p>&nbsp;<br \/>\n<strong>Direction du programme jeunesse<\/strong><\/p>\n<table style=\"width: 100%;\" border=\"0\" cellspacing=\"0\" cellpadding=\"0\" align=\"left\">\n<tbody>\n<tr style=\"background-color: #c6cdd7;\">\n<td style=\"width: 70%;\"><strong><u>Titre de la fonction<\/u><\/strong><\/td>\n<td><strong><u>Nom du titulaire<\/u><\/strong><\/td>\n<\/tr>\n<tr>\n<td>Coordonnatrice de la p\u00e9rinatalit\u00e9 et de la p\u00e9diatrie<\/td>\n<td>Danielle Allaire<\/td>\n<\/tr>\n<tr>\n<td>Coordonnatrice jeunesse<\/td>\n<td>Emmanuelle S\u00e9guin<\/td>\n<\/tr>\n<\/tbody>\n<\/table>\n<p>&nbsp;<br \/>\n<strong>Direction des soins infirmiers<\/strong><\/p>\n<table style=\"width: 100%;\" border=\"0\" cellspacing=\"0\" cellpadding=\"0\" align=\"left\">\n<tbody>\n<tr style=\"background-color: #c6cdd7;\">\n<td style=\"width: 70%;\"><strong><u>Titre de la fonction<\/u><\/strong><\/td>\n<td><strong><u>Nom du titulaire<\/u><\/strong><\/td>\n<\/tr>\n<tr>\n<td>Chef d\u2019unit\u00e9 de m\u00e9decine \u2013 H\u00f4pital Charles-Le Moyne<\/td>\n<td>Annie Beno\u00eet<\/td>\n<\/tr>\n<tr>\n<td>Coordonnatrice de la m\u00e9decine sp\u00e9cialis\u00e9e et des services ambulatoires<\/td>\n<td>Julie Faucher<\/td>\n<\/tr>\n<tr>\n<td>Coordonnatrice des unit\u00e9s de m\u00e9decine et de chirurgie<\/td>\n<td>Lynda Dufresne<\/td>\n<\/tr>\n<\/tbody>\n<\/table>\n<p>&nbsp;<br \/>\n<strong>Direction du programme de soutien \u00e0 l\u2019autonomie des personnes \u00e2g\u00e9es<\/strong><\/p>\n<table style=\"width: 100%;\" border=\"0\" cellspacing=\"0\" cellpadding=\"0\" align=\"left\">\n<tbody>\n<tr style=\"background-color: #c6cdd7;\">\n<td style=\"width: 70%;\"><strong><u>Titre de la fonction<\/u><\/strong><\/td>\n<td><strong><u>Nom du titulaire<\/u><\/strong><\/td>\n<\/tr>\n<tr>\n<td>Chef de service du CHSLD Gertrude-Lafrance (4<sup>e<\/sup>, 5<sup>\u00a0e<\/sup>\u00a0et 6<sup>e<\/sup>\u00a0\u00e9tage)<\/td>\n<td>Carole Leblanc<\/td>\n<\/tr>\n<tr>\n<td>Chef de service du CHSLD Gertrude-Lafrance (2<sup>e<\/sup>\u00a0et 3<sup>e<\/sup>\u00a0\u00e9tage)<\/td>\n<td>V\u00e9ronique Demers<\/td>\n<\/tr>\n<tr>\n<td>Conseill\u00e8re clinico-administrative SAPA \u2013 volet h\u00e9bergement<\/td>\n<td>Marielle L\u2019Homme<\/td>\n<\/tr>\n<tr>\n<td>Adjointe \u00e0 la direction d programme SAPA<\/td>\n<td>Christiane Lacoste<\/td>\n<\/tr>\n<tr>\n<td>Chef des activit\u00e9s de soir SAPA, secteur A<\/td>\n<td>Sylvie Verrier<\/td>\n<\/tr>\n<tr>\n<td>Chef d\u2019unit\u00e9 au CHSLD Champagnat<\/td>\n<td>Isabelle Caron<\/td>\n<\/tr>\n<\/tbody>\n<\/table>\n<p>&nbsp;<\/p>\n<p>Les dates d\u2019entr\u00e9e en fonction des cadres nomm\u00e9s seront \u00e0 d\u00e9terminer par les directeurs concern\u00e9s.<\/p>\n<p>Nous tenons \u00e0 leur souhaiter au nom de toute l\u2019\u00e9quipe de direction le meilleur des succ\u00e8s dans la r\u00e9alisation de ces nouveaux d\u00e9fis.<\/p>\n<p>Nous vous remercions de votre attention et nous vous tiendrons inform\u00e9s des prochaines nominations entourant ce processus de r\u00e9organisation.<\/p>\n<p>&nbsp;<\/p>\n<p>Maryse Poupart,<br \/>\nDirectrice des ressources humaines, des communications et des affaires juridiques<\/p>\n","protected":false},"excerpt":{"rendered":"<p>Mesdames, Messieurs, Suivant les processus de s\u00e9lection des postes d\u2019encadrement cliniques en lien avec la r\u00e9organisation administrative, c\u2019est avec plaisir que nous vous annon\u00e7ons les nominations de la semaine.<\/p>\n","protected":false},"author":1,"featured_media":0,"comment_status":"open","ping_status":"closed","sticky":false,"template":"","format":"standard","meta":{"footnotes":""},"categories":[1],"tags":[],"_links":{"self":[{"href":"https:\/\/santemc.quebec\/icentre\/wp-json\/wp\/v2\/posts\/1332"}],"collection":[{"href":"https:\/\/santemc.quebec\/icentre\/wp-json\/wp\/v2\/posts"}],"about":[{"href":"https:\/\/santemc.quebec\/icentre\/wp-json\/wp\/v2\/types\/post"}],"author":[{"embeddable":true,"href":"https:\/\/santemc.quebec\/icentre\/wp-json\/wp\/v2\/users\/1"}],"replies":[{"embeddable":true,"href":"https:\/\/santemc.quebec\/icentre\/wp-json\/wp\/v2\/comments?post=1332"}],"version-history":[{"count":14,"href":"https:\/\/santemc.quebec\/icentre\/wp-json\/wp\/v2\/posts\/1332\/revisions"}],"predecessor-version":[{"id":1346,"href":"https:\/\/santemc.quebec\/icentre\/wp-json\/wp\/v2\/posts\/1332\/revisions\/1346"}],"wp:attachment":[{"href":"https:\/\/santemc.quebec\/icentre\/wp-json\/wp\/v2\/media?parent=1332"}],"wp:term":[{"taxonomy":"category","embeddable":true,"href":"https:\/\/santemc.quebec\/icentre\/wp-json\/wp\/v2\/categories?post=1332"},{"taxonomy":"post_tag","embeddable":true,"href":"https:\/\/santemc.quebec\/icentre\/wp-json\/wp\/v2\/tags?post=1332"}],"curies":[{"name":"wp","href":"https:\/\/api.w.org\/{rel}","templated":true}]}}