{"id":136708,"date":"2019-08-08T08:36:22","date_gmt":"2019-08-08T12:36:22","guid":{"rendered":"http:\/\/santemc.quebec\/icentre\/?p=136708"},"modified":"2019-08-08T08:36:22","modified_gmt":"2019-08-08T12:36:22","slug":"1m-pour-ameliorer-les-soins-aux-personnes-atteintes-de-cancer","status":"publish","type":"post","link":"https:\/\/santemc.quebec\/icentre\/1m-pour-ameliorer-les-soins-aux-personnes-atteintes-de-cancer\/","title":{"rendered":"1M$ pour am\u00e9liorer les soins aux personnes atteintes de cancer"},"content":{"rendered":"<div id=\"attachment_136707\" style=\"width: 311px\" class=\"wp-caption alignleft\"><a href=\"https:\/\/santemc.quebec\/santemc\/icentre\/wp-content\/uploads\/2019\/08\/PhotoLancementChaireRechercheCancer.jpg\"><img aria-describedby=\"caption-attachment-136707\" decoding=\"async\" loading=\"lazy\" class=\" wp-image-136707\" src=\"https:\/\/santemc.quebec\/santemc\/icentre\/wp-content\/uploads\/2019\/08\/PhotoLancementChaireRechercheCancer.jpg\" alt=\"\" width=\"301\" height=\"220\" \/><\/a><p id=\"caption-attachment-136707\" class=\"wp-caption-text\">Sur la photo, Nathalie Boudreau, directrice g\u00e9n\u00e9rale de la Fondation H\u00f4pital Charles-LeMoyne, lors du lancement de la Chaire de recherche sur l&rsquo;am\u00e9lioration des soins aux personnes atteintes de cancer, accompagn\u00e9e de Jean-Pierre Perreault, Maryse Guay, Dominique Tremblay, Pierre Cossette et Dominique Dorion.<\/p><\/div>\n<p>Chaque ann\u00e9e, gr\u00e2ce \u00e0 la g\u00e9n\u00e9rosit\u00e9 de ses pr\u00e9cieux donateurs, la Fondation H\u00f4pital Charles-LeMoyne contribue \u00e0 des initiatives porteuses pour la recherche et le d\u00e9veloppement en sant\u00e9. C\u2019est pourquoi en novembre dernier, Nathalie Boudreau, directrice g\u00e9n\u00e9rale de la Fondation, a annonc\u00e9 un appui exceptionnel de 1M$ pour financer la Chaire de recherche sur l\u2019am\u00e9lioration de la qualit\u00e9 et la s\u00e9curit\u00e9 des soins aux personnes atteintes de cancer de la professeure et chercheuse Dominique Tremblay.<\/p>\n<p><!--more--><\/p>\n<p>En plus de contribuer au d\u00e9veloppement de la recherche sur le cancer, cet engagement majeur de la Fondation aura des retomb\u00e9es directes pour les patients trait\u00e9s au Centre int\u00e9gr\u00e9 de canc\u00e9rologie de la Mont\u00e9r\u00e9gie de l\u2019H\u00f4pital Charles-Le Moyne.<\/p>\n<p>\u00ab Que ce soit pour personnaliser les interventions, former des professionnels hautement qualifi\u00e9s ou optimiser les soins offerts, tous les dons re\u00e7us par la Fondation font du chemin et permettent d\u2019offrir le meilleur de la m\u00e9decine de demain \u00e0 tous les patients de la Mont\u00e9r\u00e9gie. \u00bb, Nathalie Boudreau.<\/p>\n<p>Les objectifs de cette Chaire de recherche sont multiples, mais sa mission premi\u00e8re est de rendre l\u2019exp\u00e9rience des personnes atteintes de cancer plus positive tout au long de leur parcours, ainsi que d\u2019am\u00e9liorer l\u2019acc\u00e8s \u00e0 des soins de qualit\u00e9 et s\u00e9curitaires. La Chaire jouera aussi un r\u00f4le de premier plan dans la promotion de la valeur ajout\u00e9e des interventions propos\u00e9es par l\u2019\u00e9quipe soignante, de m\u00eame que dans les efforts d\u00e9ploy\u00e9s pour cr\u00e9er des environnements de soins encore plus favorables \u00e0 la sant\u00e9.<\/p>\n<p>Le 28 septembre prochain, relevons le D\u00e9fi des g\u00e9n\u00e9rations contre le cancer pour tous les patients atteints de cancer, et pour les g\u00e9n\u00e9rations futures!<br \/>\nVous souhaitez participer au D\u00e9fi ou en savoir plus .<\/p>\n","protected":false},"excerpt":{"rendered":"<p>Chaque ann\u00e9e, gr\u00e2ce \u00e0 la g\u00e9n\u00e9rosit\u00e9 de ses pr\u00e9cieux donateurs, la Fondation H\u00f4pital Charles-LeMoyne contribue \u00e0 des initiatives porteuses pour la recherche et le d\u00e9veloppement en sant\u00e9. C\u2019est pourquoi en novembre dernier, Nathalie Boudreau, directrice g\u00e9n\u00e9rale de la Fondation, a &hellip; <a href=\"https:\/\/santemc.quebec\/icentre\/1m-pour-ameliorer-les-soins-aux-personnes-atteintes-de-cancer\/\">Continuer la lecture <span class=\"meta-nav\">&rarr;<\/span><\/a><\/p>\n","protected":false},"author":32,"featured_media":0,"comment_status":"open","ping_status":"closed","sticky":false,"template":"","format":"standard","meta":{"footnotes":""},"categories":[1],"tags":[],"_links":{"self":[{"href":"https:\/\/santemc.quebec\/icentre\/wp-json\/wp\/v2\/posts\/136708"}],"collection":[{"href":"https:\/\/santemc.quebec\/icentre\/wp-json\/wp\/v2\/posts"}],"about":[{"href":"https:\/\/santemc.quebec\/icentre\/wp-json\/wp\/v2\/types\/post"}],"author":[{"embeddable":true,"href":"https:\/\/santemc.quebec\/icentre\/wp-json\/wp\/v2\/users\/32"}],"replies":[{"embeddable":true,"href":"https:\/\/santemc.quebec\/icentre\/wp-json\/wp\/v2\/comments?post=136708"}],"version-history":[{"count":1,"href":"https:\/\/santemc.quebec\/icentre\/wp-json\/wp\/v2\/posts\/136708\/revisions"}],"predecessor-version":[{"id":136709,"href":"https:\/\/santemc.quebec\/icentre\/wp-json\/wp\/v2\/posts\/136708\/revisions\/136709"}],"wp:attachment":[{"href":"https:\/\/santemc.quebec\/icentre\/wp-json\/wp\/v2\/media?parent=136708"}],"wp:term":[{"taxonomy":"category","embeddable":true,"href":"https:\/\/santemc.quebec\/icentre\/wp-json\/wp\/v2\/categories?post=136708"},{"taxonomy":"post_tag","embeddable":true,"href":"https:\/\/santemc.quebec\/icentre\/wp-json\/wp\/v2\/tags?post=136708"}],"curies":[{"name":"wp","href":"https:\/\/api.w.org\/{rel}","templated":true}]}}