{"id":138373,"date":"2019-08-14T10:21:19","date_gmt":"2019-08-14T14:21:19","guid":{"rendered":"http:\/\/santemc.quebec\/icentre\/?p=138373"},"modified":"2019-08-14T10:21:49","modified_gmt":"2019-08-14T14:21:49","slug":"lequipe-de-recherche-clinique-en-oncologie-au-cicm-participer-a-des-percees-medicales-innovantes","status":"publish","type":"post","link":"https:\/\/santemc.quebec\/icentre\/lequipe-de-recherche-clinique-en-oncologie-au-cicm-participer-a-des-percees-medicales-innovantes\/","title":{"rendered":"L\u2019\u00e9quipe de recherche clinique en oncologie au CICM : participer \u00e0 des perc\u00e9es m\u00e9dicales innovantes"},"content":{"rendered":"<p>Dans chaque t\u00e9moignage pr\u00e9sent\u00e9 par la Fondation H\u00f4pital Charles-LeMoyne dans le cadre du D\u00e9fi des g\u00e9n\u00e9rations contre le cancer, un \u00e9l\u00e9ment ressort \u00e0 tout coup : l\u2019expertise des \u00e9quipes m\u00e9dicales du Centre int\u00e9gr\u00e9 de canc\u00e9rologie de la Mont\u00e9r\u00e9gie (CICM).<\/p>\n<div id=\"attachment_138372\" style=\"width: 443px\" class=\"wp-caption aligncenter\"><a href=\"https:\/\/santemc.quebec\/santemc\/icentre\/wp-content\/uploads\/2019\/08\/EquipeCICM_2-e1565792345241.jpg\"><img aria-describedby=\"caption-attachment-138372\" decoding=\"async\" loading=\"lazy\" class=\" wp-image-138372\" src=\"https:\/\/santemc.quebec\/santemc\/icentre\/wp-content\/uploads\/2019\/08\/EquipeCICM_2-e1565792345241.jpg\" alt=\"\" width=\"433\" height=\"202\" \/><\/a><p id=\"caption-attachment-138372\" class=\"wp-caption-text\">Quelques membres de l\u2019\u00e9quipe de recherche clinique en oncologie. De gauche \u00e0 droite : Am\u00e9lie T. Valcourt, Paola Gagliano, Diaraye Bald\u00e9, Isabelle No\u00ebl, Marie-\u00c8ve Yelle, St\u00e9phanie Bonin, Suzanne Rochette, Caroline Millette, Marianne C. Fugulin.<\/p><\/div>\n<p><!--more--><\/p>\n<p>Compos\u00e9es de m\u00e9decins, infirmi\u00e8res, psychologues et travailleurs sociaux, ces \u00e9quipes \u0153uvrent au quotidien pour la sant\u00e9 des patients trait\u00e9s en oncologie \u00e0 l\u2019H\u00f4pital Charles-Le Moyne. Cette interdisciplinarit\u00e9 m\u00e9dicale unique en Mont\u00e9r\u00e9gie permet aux patients d\u2019avoir acc\u00e8s \u00e0 tous les services dont ils ont besoin durant leur parcours, et ce, sous un seul et m\u00eame toit.<\/p>\n<p>\u00ab L\u2019apport unique de chaque intervenant a des bienfaits importants sur le cheminement des patients et contribue sans aucun doute \u00e0 leur trajectoire de gu\u00e9rison. \u00bb Jean Lebrun, psychologue au CICM.<\/p>\n<p>Parmi ces \u00e9quipes m\u00e9dicales, celle de la recherche clinique en oncologie joue un r\u00f4le des plus innovants. L\u2019objectif de la recherche clinique est de tester et de permettre l\u2019acc\u00e8s \u00e0 un nouveau traitement ou un nouveau m\u00e9dicament, tout en r\u00e9coltant des informations probantes sur celui-ci. Analys\u00e9es tout au long de l\u2019\u00e9tude, ces donn\u00e9es permettent d\u2019\u00e9valuer l\u2019efficacit\u00e9 de ce nouveau traitement\/m\u00e9dicament, et ultimement, de d\u00e9terminer si celui-ci peut \u00eatre offert \u00e0 tous. Les patients qui y participent doivent r\u00e9pondre \u00e0 plusieurs crit\u00e8res d\u2019\u00e9ligibilit\u00e9, afin de comparer les informations recueillies avec des cas similaires.<\/p>\n<p>\u00ab Des histoires comme celles de <a href=\"https:\/\/www.fhclm.ca\/blogue\/beau-petit-miracle\/\" target=\"_blank\" rel=\"noopener noreferrer\">Monsieur Bouthillier<\/a> ou de <a href=\"https:\/\/www.fhclm.ca\/blogue\/de-beaux-moments-departement-doncologie-malgre-maladie-2\/\" target=\"_blank\" rel=\"noopener noreferrer\">Madame Courchesne<\/a>, pour qui le protocole de recherche en immunoth\u00e9rapie semble avoir r\u00e9ellement fonctionn\u00e9, \u00e7a nous touche \u00e9norm\u00e9ment! \u00c7a justifie la pertinence de notre travail comme \u00e9quipe multidisciplinaire et l\u2019importance des perc\u00e9es m\u00e9dicales pour les patients atteints de cancer.\u00bb, Suzanne Rochette, infirmi\u00e8re de recherche clinique en oncologie.<\/p>\n<p>Lorsqu\u2019on leur pose la question, les diff\u00e9rents intervenants affirment que ce qu\u2019ils appr\u00e9cient le plus de leur travail, c\u2019est le grand esprit de collaboration au CICM. Ils sont fiers de dire qu\u2019ensemble, ils se mobilisent quotidiennement pour leurs patients! Tout comme le fait la communaut\u00e9 du D\u00e9fi des g\u00e9n\u00e9rations contre le cancer, ann\u00e9e apr\u00e8s ann\u00e9e.<\/p>\n<p>Vous souhaitez participer au D\u00e9fi ou en savoir plus : .<\/p>\n","protected":false},"excerpt":{"rendered":"<p>Dans chaque t\u00e9moignage pr\u00e9sent\u00e9 par la Fondation H\u00f4pital Charles-LeMoyne dans le cadre du D\u00e9fi des g\u00e9n\u00e9rations contre le cancer, un \u00e9l\u00e9ment ressort \u00e0 tout coup : l\u2019expertise des \u00e9quipes m\u00e9dicales du Centre int\u00e9gr\u00e9 de canc\u00e9rologie de la Mont\u00e9r\u00e9gie (CICM).<\/p>\n","protected":false},"author":32,"featured_media":0,"comment_status":"open","ping_status":"closed","sticky":false,"template":"","format":"standard","meta":{"footnotes":""},"categories":[1],"tags":[],"_links":{"self":[{"href":"https:\/\/santemc.quebec\/icentre\/wp-json\/wp\/v2\/posts\/138373"}],"collection":[{"href":"https:\/\/santemc.quebec\/icentre\/wp-json\/wp\/v2\/posts"}],"about":[{"href":"https:\/\/santemc.quebec\/icentre\/wp-json\/wp\/v2\/types\/post"}],"author":[{"embeddable":true,"href":"https:\/\/santemc.quebec\/icentre\/wp-json\/wp\/v2\/users\/32"}],"replies":[{"embeddable":true,"href":"https:\/\/santemc.quebec\/icentre\/wp-json\/wp\/v2\/comments?post=138373"}],"version-history":[{"count":4,"href":"https:\/\/santemc.quebec\/icentre\/wp-json\/wp\/v2\/posts\/138373\/revisions"}],"predecessor-version":[{"id":138377,"href":"https:\/\/santemc.quebec\/icentre\/wp-json\/wp\/v2\/posts\/138373\/revisions\/138377"}],"wp:attachment":[{"href":"https:\/\/santemc.quebec\/icentre\/wp-json\/wp\/v2\/media?parent=138373"}],"wp:term":[{"taxonomy":"category","embeddable":true,"href":"https:\/\/santemc.quebec\/icentre\/wp-json\/wp\/v2\/categories?post=138373"},{"taxonomy":"post_tag","embeddable":true,"href":"https:\/\/santemc.quebec\/icentre\/wp-json\/wp\/v2\/tags?post=138373"}],"curies":[{"name":"wp","href":"https:\/\/api.w.org\/{rel}","templated":true}]}}