{"id":140284,"date":"2019-08-21T09:20:55","date_gmt":"2019-08-21T13:20:55","guid":{"rendered":"http:\/\/santemc.quebec\/icentre\/?p=140284"},"modified":"2019-08-21T09:20:55","modified_gmt":"2019-08-21T13:20:55","slug":"quand-le-defi-des-generations-contre-le-cancer-cree-une-passion","status":"publish","type":"post","link":"https:\/\/santemc.quebec\/icentre\/quand-le-defi-des-generations-contre-le-cancer-cree-une-passion\/","title":{"rendered":"Quand le D\u00e9fi des g\u00e9n\u00e9rations contre le cancer cr\u00e9e une passion"},"content":{"rendered":"<div id=\"attachment_140285\" style=\"width: 310px\" class=\"wp-caption alignleft\"><a href=\"https:\/\/santemc.quebec\/santemc\/icentre\/wp-content\/uploads\/2019\/08\/DenisDube.jpg\"><img aria-describedby=\"caption-attachment-140285\" decoding=\"async\" loading=\"lazy\" class=\"size-medium wp-image-140285\" src=\"https:\/\/santemc.quebec\/santemc\/icentre\/wp-content\/uploads\/2019\/08\/DenisDube-300x169.jpg\" alt=\"\" width=\"300\" height=\"169\" srcset=\"https:\/\/santemc.quebec\/santemc\/icentre\/wp-content\/uploads\/2019\/08\/DenisDube-300x169.jpg 300w, https:\/\/santemc.quebec\/santemc\/icentre\/wp-content\/uploads\/2019\/08\/DenisDube-768x432.jpg 768w, https:\/\/santemc.quebec\/santemc\/icentre\/wp-content\/uploads\/2019\/08\/DenisDube-1024x576.jpg 1024w, https:\/\/santemc.quebec\/santemc\/icentre\/wp-content\/uploads\/2019\/08\/DenisDube-500x281.jpg 500w, https:\/\/santemc.quebec\/santemc\/icentre\/wp-content\/uploads\/2019\/08\/DenisDube.jpg 2048w\" sizes=\"(max-width: 300px) 100vw, 300px\" \/><\/a><p id=\"caption-attachment-140285\" class=\"wp-caption-text\">Denis Dub\u00e9 en compagnie de sa conjointe, Manon, lors de la premi\u00e8re \u00e9dition du D\u00e9fi des g\u00e9n\u00e9rations contre le cancer en 2016.<\/p><\/div>\n<p>Lorsque Denis Dub\u00e9 rencontre son m\u00e9decin en mai 2016 pour un bilan de sant\u00e9, il se sent en pleine forme, \u00e0 l\u2019exception d\u2019un petit probl\u00e8me urinaire. Mais en raison des ant\u00e9c\u00e9dents de cancer dans sa famille, il est rapidement dirig\u00e9 vers un urologue, qui lui annonce qu\u2019il est atteint d\u2019un cancer de la prostate, comme son p\u00e8re\u2026<\/p>\n<p><!--more--><\/p>\n<p>En ao\u00fbt 2016, alors qu\u2019il patiente dans la salle d\u2019attente pour rencontrer son oncologue, Dre Marjory Jolicoeur, Denis remarque une affiche de la premi\u00e8re \u00e9dition du D\u00e9fi des g\u00e9n\u00e9rations contre le cancer, et dit \u00e0 sa conjointe\u00a0:<\/p>\n<p>\u00ab<em> Au cours de nos vies, on a souvent fait des lev\u00e9es de fonds pour aider les autres. Maintenant on va en faire une pour moi\u2026 \u00bb.<\/em><\/p>\n<p>\u00c0 moins d\u2019un mois de l\u2019\u00e9v\u00e9nement et n\u2019ayant jamais couru auparavant, Denis d\u00e9cide de s\u2019inscrire au parcours du 5 km course et de faire une collecte en ligne. Il entreprend un programme d\u2019entra\u00eenement et se joint \u00e0 un groupe de course pour am\u00e9liorer son temps et sa technique. Tr\u00e8s motiv\u00e9, Denis incite son entourage \u00e0 s\u2019inscrire et \u00e0 l\u2019encourager. En quelques semaines, il amasse pr\u00e8s de 2\u00a0800 $.<\/p>\n<p>Entre ses entra\u00eenements, Denis se rend \u00e0 ses rendez-vous et convient avec Dre Jolicoeur d\u2019essayer un traitement de curieth\u00e9rapie. S\u2019ensuivent alors plusieurs rencontres de pr\u00e9paration \u00e0 l\u2019intervention, qui aura lieu quelques mois plus tard. Puisqu\u2019il ne ressent aucune douleur, Denis poursuit la course, jusqu\u2019au jour du D\u00e9fi, le 1<sup>er<\/sup> octobre 2016, o\u00f9 il court son 5 km dans un temps record!<\/p>\n<p>Depuis maintenant trois ans, l\u2019\u00e9tat de sant\u00e9 de Denis est stable et il court toujours. Pour lui, le D\u00e9fi a une signification toute particuli\u00e8re, puisque c\u2019est gr\u00e2ce \u00e0 cet \u00e9v\u00e9nement qu\u2019il a d\u00e9velopp\u00e9 une passion pour la course \u00e0 pied.<\/p>\n<p>Le 28 septembre prochain, il participera une fois de plus au D\u00e9fi, en compagnie de plusieurs employ\u00e9s et du Club de marche des r\u00e9sidents de Chartwell, employeur de Denis et important partenaire de la Fondation!<\/p>\n<p><em>Vous souhaitez participer au D\u00e9fi ou en savoir plus : <\/em><\/p>\n","protected":false},"excerpt":{"rendered":"<p>Lorsque Denis Dub\u00e9 rencontre son m\u00e9decin en mai 2016 pour un bilan de sant\u00e9, il se sent en pleine forme, \u00e0 l\u2019exception d\u2019un petit probl\u00e8me urinaire. Mais en raison des ant\u00e9c\u00e9dents de cancer dans sa famille, il est rapidement dirig\u00e9 &hellip; <a href=\"https:\/\/santemc.quebec\/icentre\/quand-le-defi-des-generations-contre-le-cancer-cree-une-passion\/\">Continuer la lecture <span class=\"meta-nav\">&rarr;<\/span><\/a><\/p>\n","protected":false},"author":9,"featured_media":0,"comment_status":"open","ping_status":"closed","sticky":false,"template":"","format":"standard","meta":{"footnotes":""},"categories":[1],"tags":[],"_links":{"self":[{"href":"https:\/\/santemc.quebec\/icentre\/wp-json\/wp\/v2\/posts\/140284"}],"collection":[{"href":"https:\/\/santemc.quebec\/icentre\/wp-json\/wp\/v2\/posts"}],"about":[{"href":"https:\/\/santemc.quebec\/icentre\/wp-json\/wp\/v2\/types\/post"}],"author":[{"embeddable":true,"href":"https:\/\/santemc.quebec\/icentre\/wp-json\/wp\/v2\/users\/9"}],"replies":[{"embeddable":true,"href":"https:\/\/santemc.quebec\/icentre\/wp-json\/wp\/v2\/comments?post=140284"}],"version-history":[{"count":1,"href":"https:\/\/santemc.quebec\/icentre\/wp-json\/wp\/v2\/posts\/140284\/revisions"}],"predecessor-version":[{"id":140286,"href":"https:\/\/santemc.quebec\/icentre\/wp-json\/wp\/v2\/posts\/140284\/revisions\/140286"}],"wp:attachment":[{"href":"https:\/\/santemc.quebec\/icentre\/wp-json\/wp\/v2\/media?parent=140284"}],"wp:term":[{"taxonomy":"category","embeddable":true,"href":"https:\/\/santemc.quebec\/icentre\/wp-json\/wp\/v2\/categories?post=140284"},{"taxonomy":"post_tag","embeddable":true,"href":"https:\/\/santemc.quebec\/icentre\/wp-json\/wp\/v2\/tags?post=140284"}],"curies":[{"name":"wp","href":"https:\/\/api.w.org\/{rel}","templated":true}]}}