{"id":14056,"date":"2019-06-13T09:32:54","date_gmt":"2019-06-13T13:32:54","guid":{"rendered":"http:\/\/santemc.quebec\/icentre\/?p=14056"},"modified":"2019-06-13T13:19:47","modified_gmt":"2019-06-13T17:19:47","slug":"une-medecin-de-famille-de-chez-nous-honoree-par-le-college-quebecois-des-medecins-de-famille","status":"publish","type":"post","link":"https:\/\/santemc.quebec\/icentre\/une-medecin-de-famille-de-chez-nous-honoree-par-le-college-quebecois-des-medecins-de-famille\/","title":{"rendered":"Une m\u00e9decin de famille de chez nous honor\u00e9e par le Coll\u00e8ge qu\u00e9b\u00e9cois des m\u00e9decins de famille"},"content":{"rendered":"<div id=\"attachment_14057\" style=\"width: 210px\" class=\"wp-caption alignleft\"><a href=\"http:\/\/santemc.quebec\/santemc\/icentre\/wp-content\/uploads\/2019\/06\/LChampagne.jpg\"><img aria-describedby=\"caption-attachment-14057\" decoding=\"async\" loading=\"lazy\" class=\"size-medium wp-image-14057\" src=\"http:\/\/santemc.quebec\/santemc\/icentre\/wp-content\/uploads\/2019\/06\/LChampagne-200x300.jpg\" alt=\"\" width=\"200\" height=\"300\" \/><\/a><p id=\"caption-attachment-14057\" class=\"wp-caption-text\">Dre Louise Champagne<\/p><\/div>\n<p>C\u2019est avec grande fiert\u00e9 que le CISSS de la Mont\u00e9r\u00e9gie-Centre a appris l\u2019octroi du prix de m\u00e9decin de famille de l\u2019ann\u00e9e 2019 \u00e0 Dre\u00a0Louise Champagne, m\u00e9decin de famille au GMF-U Charles-Le Moyne.\u00a0D\u00e9cern\u00e9 par le Coll\u00e8ge qu\u00e9b\u00e9cois des m\u00e9decins de famille, ce prix reconna\u00eet le m\u00e9rite de m\u00e9decins de famille, notamment par la prestation de soins exemplaires \u00e0 leurs patients et une contribution significative \u00e0 la sant\u00e9 et au bien-\u00eatre de leurs collectivit\u00e9s ou de la soci\u00e9t\u00e9 en g\u00e9n\u00e9ral.<\/p>\n<p><!--more--><\/p>\n<p>Apr\u00e8s 12 ans de pratique dans la r\u00e9gion de Sept-\u00celes, Dre Champagne a poursuivi sa carri\u00e8re au GMF-U Charles-Le Moyne en 2004, dont elle fut d\u2019ailleurs la directrice de 2009 \u00e0 2017. Engag\u00e9e en enseignement aux m\u00e9decins r\u00e9sidents, Dre Champagne est pr\u00e9sentement adjointe \u00e0 la direction du programme de m\u00e9decine de famille et de m\u00e9decine d\u2019urgence de l\u2019Universit\u00e9 de Sherbrooke.<\/p>\n<p>Reconnue entre autres pour son expertise, son \u00e9coute et sa douceur, elle a \u00e0 c\u0153ur le bien-\u00eatre des personnes vuln\u00e9rables et s\u2019assure d\u2019offrir des suivis rigoureux aux patients dont elle s\u2019occupe.<\/p>\n<p>F\u00e9licitations \u00e0 Dre Louise Champagne pour cet honneur amplement m\u00e9rit\u00e9!<\/p>\n","protected":false},"excerpt":{"rendered":"<p>C\u2019est avec grande fiert\u00e9 que le CISSS de la Mont\u00e9r\u00e9gie-Centre a appris l\u2019octroi du prix de m\u00e9decin de famille de l\u2019ann\u00e9e 2019 \u00e0 Dre\u00a0Louise Champagne, m\u00e9decin de famille au GMF-U Charles-Le Moyne.\u00a0D\u00e9cern\u00e9 par le Coll\u00e8ge qu\u00e9b\u00e9cois des m\u00e9decins de famille, &hellip; <a href=\"https:\/\/santemc.quebec\/icentre\/une-medecin-de-famille-de-chez-nous-honoree-par-le-college-quebecois-des-medecins-de-famille\/\">Continuer la lecture <span class=\"meta-nav\">&rarr;<\/span><\/a><\/p>\n","protected":false},"author":9,"featured_media":0,"comment_status":"open","ping_status":"closed","sticky":false,"template":"","format":"standard","meta":{"footnotes":""},"categories":[1],"tags":[],"_links":{"self":[{"href":"https:\/\/santemc.quebec\/icentre\/wp-json\/wp\/v2\/posts\/14056"}],"collection":[{"href":"https:\/\/santemc.quebec\/icentre\/wp-json\/wp\/v2\/posts"}],"about":[{"href":"https:\/\/santemc.quebec\/icentre\/wp-json\/wp\/v2\/types\/post"}],"author":[{"embeddable":true,"href":"https:\/\/santemc.quebec\/icentre\/wp-json\/wp\/v2\/users\/9"}],"replies":[{"embeddable":true,"href":"https:\/\/santemc.quebec\/icentre\/wp-json\/wp\/v2\/comments?post=14056"}],"version-history":[{"count":2,"href":"https:\/\/santemc.quebec\/icentre\/wp-json\/wp\/v2\/posts\/14056\/revisions"}],"predecessor-version":[{"id":14059,"href":"https:\/\/santemc.quebec\/icentre\/wp-json\/wp\/v2\/posts\/14056\/revisions\/14059"}],"wp:attachment":[{"href":"https:\/\/santemc.quebec\/icentre\/wp-json\/wp\/v2\/media?parent=14056"}],"wp:term":[{"taxonomy":"category","embeddable":true,"href":"https:\/\/santemc.quebec\/icentre\/wp-json\/wp\/v2\/categories?post=14056"},{"taxonomy":"post_tag","embeddable":true,"href":"https:\/\/santemc.quebec\/icentre\/wp-json\/wp\/v2\/tags?post=14056"}],"curies":[{"name":"wp","href":"https:\/\/api.w.org\/{rel}","templated":true}]}}