{"id":1406,"date":"2015-12-18T14:34:24","date_gmt":"2015-12-18T19:34:24","guid":{"rendered":"http:\/\/santemc.quebec\/icentre\/?p=1406"},"modified":"2015-12-18T14:35:28","modified_gmt":"2015-12-18T19:35:28","slug":"nouvelles-aires-dobservation-de-lurgence-le-decompte-commence","status":"publish","type":"post","link":"https:\/\/santemc.quebec\/icentre\/nouvelles-aires-dobservation-de-lurgence-le-decompte-commence\/","title":{"rendered":"Nouvelles aires d\u2019observation de l\u2019urgence de l&rsquo;H\u00f4pital Charles-Le Moyne\u00a0: le d\u00e9compte commence!"},"content":{"rendered":"<div id=\"attachment_1407\" style=\"width: 160px\" class=\"wp-caption alignleft\"><a href=\"http:\/\/santemc.quebec\/santemc\/icentre\/wp-content\/uploads\/2015\/12\/P1040754.jpg\"><img aria-describedby=\"caption-attachment-1407\" decoding=\"async\" loading=\"lazy\" class=\"wp-image-1407 size-thumbnail\" src=\"http:\/\/santemc.quebec\/santemc\/icentre\/wp-content\/uploads\/2015\/12\/P1040754-150x150.jpg\" alt=\"P1040754\" width=\"150\" height=\"150\" \/><\/a><p id=\"caption-attachment-1407\" class=\"wp-caption-text\">Vue \u00e0 partir de l\u2019un des trois nouveaux postes d\u2019observation.<\/p><\/div>\n<p>Les travaux de la nouvelle urgence avancent bon train en vue de la livraison de la phase 1, soit les aires d\u2019observation. Le transfert des patients est planifi\u00e9 aux alentours du 8 f\u00e9vrier. <!--more-->D\u2019ici l\u00e0, les efforts se poursuivent en vue de finaliser l\u2019organisation du travail dans ces nouveaux espaces et d\u2019assurer la bonne s\u00e9quence logistique du d\u00e9m\u00e9nagement.<\/p>\n<p>La prise de possession des nouvelles aires d\u2019observations permettra de finaliser la derni\u00e8re phase des travaux au cours des prochains mois, puisque les anciennes installations seront r\u00e9am\u00e9nag\u00e9es de fa\u00e7on \u00e0 accueillir la nouvelle salle d\u2019attente de l\u2019urgence.<\/p>\n","protected":false},"excerpt":{"rendered":"<p>Les travaux de la nouvelle urgence avancent bon train en vue de la livraison de la phase 1, soit les aires d\u2019observation. Le transfert des patients est planifi\u00e9 aux alentours du 8 f\u00e9vrier.<\/p>\n","protected":false},"author":2,"featured_media":0,"comment_status":"open","ping_status":"closed","sticky":false,"template":"","format":"standard","meta":{"footnotes":""},"categories":[1],"tags":[],"_links":{"self":[{"href":"https:\/\/santemc.quebec\/icentre\/wp-json\/wp\/v2\/posts\/1406"}],"collection":[{"href":"https:\/\/santemc.quebec\/icentre\/wp-json\/wp\/v2\/posts"}],"about":[{"href":"https:\/\/santemc.quebec\/icentre\/wp-json\/wp\/v2\/types\/post"}],"author":[{"embeddable":true,"href":"https:\/\/santemc.quebec\/icentre\/wp-json\/wp\/v2\/users\/2"}],"replies":[{"embeddable":true,"href":"https:\/\/santemc.quebec\/icentre\/wp-json\/wp\/v2\/comments?post=1406"}],"version-history":[{"count":3,"href":"https:\/\/santemc.quebec\/icentre\/wp-json\/wp\/v2\/posts\/1406\/revisions"}],"predecessor-version":[{"id":1410,"href":"https:\/\/santemc.quebec\/icentre\/wp-json\/wp\/v2\/posts\/1406\/revisions\/1410"}],"wp:attachment":[{"href":"https:\/\/santemc.quebec\/icentre\/wp-json\/wp\/v2\/media?parent=1406"}],"wp:term":[{"taxonomy":"category","embeddable":true,"href":"https:\/\/santemc.quebec\/icentre\/wp-json\/wp\/v2\/categories?post=1406"},{"taxonomy":"post_tag","embeddable":true,"href":"https:\/\/santemc.quebec\/icentre\/wp-json\/wp\/v2\/tags?post=1406"}],"curies":[{"name":"wp","href":"https:\/\/api.w.org\/{rel}","templated":true}]}}