{"id":1411,"date":"2015-12-22T14:09:41","date_gmt":"2015-12-22T19:09:41","guid":{"rendered":"http:\/\/santemc.quebec\/icentre\/?p=1411"},"modified":"2016-07-12T14:55:59","modified_gmt":"2016-07-12T18:55:59","slug":"flash-ca-les-nouvelles-de-la-seance-du-conseil-dadministration-du-3-decembre-2015","status":"publish","type":"post","link":"https:\/\/santemc.quebec\/icentre\/flash-ca-les-nouvelles-de-la-seance-du-conseil-dadministration-du-3-decembre-2015\/","title":{"rendered":"Flash CA &#8211; Les nouvelles de la s\u00e9ance du conseil d\u2019administration du 3 d\u00e9cembre 2015"},"content":{"rendered":"<div style=\"height: 150px;\"><strong><img decoding=\"async\" loading=\"lazy\" class=\"alignleft wp-image-1416 size-thumbnail\" src=\"http:\/\/santemc.quebec\/santemc\/icentre\/wp-content\/uploads\/2015\/12\/flashcaicentre-150x150.jpg\" alt=\"flashcaicentre\" width=\"150\" height=\"150\" srcset=\"https:\/\/santemc.quebec\/santemc\/icentre\/wp-content\/uploads\/2015\/12\/flashcaicentre-150x150.jpg 150w, https:\/\/santemc.quebec\/santemc\/icentre\/wp-content\/uploads\/2015\/12\/flashcaicentre-300x300.jpg 300w, https:\/\/santemc.quebec\/santemc\/icentre\/wp-content\/uploads\/2015\/12\/flashcaicentre.jpg 400w\" sizes=\"(max-width: 150px) 100vw, 150px\" \/><\/strong>Le Flash CA est le nouvel outil d\u2019information du Centre int\u00e9gr\u00e9 de sant\u00e9 et de services sociaux (CISSS) de la Mont\u00e9r\u00e9gie-Centre. Les nouvelles qui y sont diffus\u00e9es visent \u00e0 t\u00e9moigner des grands dossiers organisationnels qui sont discut\u00e9s aux s\u00e9ances publiques du conseil d\u2019administration.<!--more--><\/div>\n<p><a href=\"http:\/\/www.santemonteregie.net\/santemc\/ca\/FlashCA_3_dec_2015.pdf\" target=\"_blank\">Consultez la version PDF du Flash CA<\/a><\/p>\n<div style=\"background: #ddd; padding: 10px;\"><strong>POINTS D\u2019INFORMATION DU PR\u00c9SIDENT <\/strong><\/div>\n<div style=\"background: #ddd; padding: 10px;\"><strong>Officiers du conseil<\/strong><br \/>\nComme le pr\u00e9voit le R\u00e8glement de r\u00e9gie interne du conseil d\u2019administration du CISSS, les membres ont proc\u00e9d\u00e9 \u00e0 la nomination de M. Richard Deschamps \u00e0 titre de secr\u00e9taire et de Mme Nicole Mongeon \u00e0 titre de vice-pr\u00e9sidente. Leur mandat est de deux ans. (\u00c0 noter que le pr\u00e9sident fait aussi partie des officiers).<\/div>\n<div style=\"background: #ddd; padding: 10px;\"><strong>Certificat d\u2019Agr\u00e9ment Canada<\/strong><br \/>\nLe CISSS de la Mont\u00e9r\u00e9gie-Centre a obtenu une attestation d\u2019Agr\u00e9ment Canada qui reconna\u00eet l\u2019atteinte des normes portant sur le traitement du cancer.<\/div>\n<p>&nbsp;<\/p>\n<div style=\"background: #ddd; padding: 10px;\">\n<p><strong>POINTS D\u2019INFORMATION DU PRESIDENT-DIRECTEUR GENERAL<\/strong><\/p>\n<p><strong> Accueil des r\u00e9fugi\u00e9s syriens<\/strong><br \/>\nDes responsables des CISSS de la Mont\u00e9r\u00e9gie-Est et de la Mont\u00e9r\u00e9gie-Centre ont particip\u00e9 \u00e0 une rencontre en vue de pr\u00e9parer, avec divers autres partenaires, l\u2019accueil de r\u00e9fugi\u00e9s syriens. M. Richard Deschamps a soulign\u00e9 la grande collaboration d\u00e9montr\u00e9e par le r\u00e9seau mont\u00e9r\u00e9gien dans le cadre de cette op\u00e9ration humanitaire. D\u2019ici le 31 d\u00e9cembre 2015, il est pr\u00e9vu d\u2019accueillir 55 personnes sur le territoire de Longueuil et 30 sur celui de Saint-Hyacinthe.<\/p>\n<\/div>\n<p>&nbsp;<\/p>\n<h4 style=\"color: #ff5c0b;\"><strong>Organigramme du CISSS<\/strong><\/h4>\n<p>Le conseil a adopt\u00e9 l\u2019organigramme du CISSS de la Mont\u00e9r\u00e9gie-Centre qui tient compte des changements approuv\u00e9s par le minist\u00e8re de la Sant\u00e9 et des Services sociaux. La structure organisationnelle comprend 40 postes d\u2019encadrement sup\u00e9rieur repr\u00e9sentant 37,8 \u00e9quivalents temps complet et incluant 4 postes \u00e0 temps partiel et 1 poste pour le Groupe biom\u00e9dical Mont\u00e9r\u00e9gie (GBM). Ce dernier poste est conditionnel \u00e0 ce que la gestion du GBM soit effectu\u00e9e par le CISSS de la Mont\u00e9r\u00e9gie-Centre.<\/p>\n<h4 style=\"color: #ff5c0b;\"><strong>Politique sur les soins de fin de vie<\/strong><\/h4>\n<p>La Loi concernant les soins de fin de vie (LRQ 2014, chapitre 2) entrait en vigueur le 10 d\u00e9cembre dernier. Elle comprend trois volets : l\u2019am\u00e9lioration de l\u2019offre de service en soins palliatifs, l\u2019accessibilit\u00e9 \u00e0 de nouveaux soins de fin de vie, soit l\u2019aide m\u00e9dicale \u00e0 mourir, et la mise en place de directives m\u00e9dicales par lesquelles une personne majeure et apte \u00e0 consentir \u00e0 des soins indique \u00e0 l\u2019avance les soins m\u00e9dicaux qu\u2019elle accepte ou qu\u2019elle refuse de recevoir.<\/p>\n<p>Bien qu\u2019une injonction vise huit articles de cette loi portant sp\u00e9cifiquement sur l\u2019aide m\u00e9dicale \u00e0 mourir, les autres dispositions l\u00e9gislatives s\u2019appliquent. Aussi, conform\u00e9ment \u00e0 la Loi, le conseil a adopt\u00e9 la Politique sur les soins de fin de vie du CISSS de la Mont\u00e9r\u00e9gie-Centre.<\/p>\n<p>La politique d\u00e9finit les responsabilit\u00e9s de l\u2019\u00e9tablissement en mati\u00e8re de soins de fin de vie et les nombreux enjeux qui en d\u00e9coulent. Elle pr\u00e9cise les normes juridiques, \u00e9thiques et cliniques \u00e0 respecter lors de la prestation de tels soins. Cet outil permettra de soutenir les diff\u00e9rents acteurs dans la mise en oeuvre de la Loi, et ce, dans l\u2019int\u00e9r\u00eat des patients et de la communaut\u00e9.<\/p>\n<h4 style=\"color: #ff5c0b;\"><strong>Politique sur la conduite responsable et l\u2019int\u00e9grit\u00e9 scientifique en recherche<\/strong><\/h4>\n<p>Le CISSS s\u2019est donn\u00e9 une politique institutionnelle qui encadre la proc\u00e9dure d\u2019examen des plaintes au chapitre de l\u2019\u00e9thique et de l\u2019int\u00e9grit\u00e9 scientifique en recherche. La Politique sur la conduite responsable et l\u2019int\u00e9grit\u00e9 scientifique en recherche adopt\u00e9e par le conseil vise tout projet de recherche d\u2019un chercheur affili\u00e9 au Centre de recherche de l\u2019H\u00f4pital Charles- Le Moyne ou tout chercheur qui m\u00e8ne une recherche dans les constituantes du CISSS de la Mont\u00e9r\u00e9gie-Centre. Le directeur de la recherche, M. Jean-Louis Denis, est responsable de son application.<\/p>\n<h4 style=\"color: #ff5c0b;\"><strong>Nomination d\u2019un cadre sup\u00e9rieur \u00e0 la Direction de la sant\u00e9 publique<\/strong><\/h4>\n<p>Mme Marie-Johanne Nadeau a \u00e9t\u00e9 nomm\u00e9e directrice adjointe de la Direction de sant\u00e9 publique. Madame Nadeau poss\u00e8de un baccalaur\u00e9at en communication, une ma\u00eetrise en administration publique ainsi qu\u2019une sp\u00e9cialisation de deuxi\u00e8me cycle pour gestionnaires exp\u00e9riment\u00e9s de l\u2019Institut international des cadres de McGill. De 2009 \u00e0 sa nomination, elle coordonnait le secteur Sant\u00e9 environnementale \u00e0 la Direction de la sant\u00e9 publique. Sa nomination prend effet \u00e0 compter du 7 d\u00e9cembre 2015.<\/p>\n<h4 style=\"color: #ff5c0b;\"><strong>Renouvellement de la nomination des optom\u00e9tristes<\/strong><\/h4>\n<p>Quatorze optom\u00e9tristes donnent des services \u00e0 la client\u00e8le de l\u2019Institut Nazareth et Louis-Braille, une installation du CISSS de la Mont\u00e9r\u00e9gie-Centre. Or, le droit\u00a0d\u2019exercer leurs fonctions prendra fin le 31 d\u00e9cembre prochain. Conform\u00e9ment \u00e0 une entente intervenue entre l\u2019Association des optom\u00e9tristes et le minist\u00e8re portant sur l\u2019assurance m\u00e9dicale, le conseil a renouvel\u00e9 leur nomination pour une p\u00e9riode de 3 ans.<\/p>\n<h4 style=\"color: #ff5c0b;\"><strong>Nomination de membres au comit\u00e9 d\u2019\u00e9thique de la recherche<\/strong><\/h4>\n<p>Le conseil a renouvel\u00e9 le mandat de 2 membres du comit\u00e9 d\u2019\u00e9thique de la recherche, et ce, pour une dur\u00e9e de 3 ans se terminant le 31 janvier 2019. Il s\u2019agit de :<\/p>\n<ul>\n<li>Mme Madeleine Gervais, membre repr\u00e9sentant la collectivit\u00e9;<\/li>\n<li>Mme St\u00e9phanie Robillard, membre substitut, du domaine du droit.<\/li>\n<\/ul>\n<h4 style=\"color: #ff5c0b;\"><strong>Candidatures aux Prix d\u2019excellence MSSS, \u00e9dition 2015-2016<\/strong><\/h4>\n<p>Dans le cadre du processus de mise en candidature des Prix d\u2019excellence du r\u00e9seau de la sant\u00e9 et des services sociaux, \u00e9dition 2015-2016, le conseil a ent\u00e9rin\u00e9 la proposition de 2 projets :<\/p>\n<ul>\n<li>Am\u00e9lioration de l\u2019accessibilit\u00e9 au diagnostic et au traitement de l\u2019apn\u00e9e du sommeil dans la cat\u00e9gorie \u00ab \u00c9tablissements \u2013 Prix Accessibilit\u00e9 aux soins et services \u00bb<\/li>\n<li>Continuum d\u2019intervention interdisciplinaire entre les \u00e9coles primaires du quartier Lafl\u00e8che de St-Hubert, le milieu de la sant\u00e9 et la communaut\u00e9 dans la cat\u00e9gorie \u00ab \u00c9tablissements \u2013 Prix Int\u00e9gration des services \u00bb.<\/li>\n<\/ul>\n<h4 style=\"color: #ff5c0b;\"><strong>Octroi, modification et renouvellement de statut et privil\u00e8ges de membres du Conseil des m\u00e9decins, dentistes et pharmaciens (CMDP)<\/strong><\/h4>\n<p>Le conseil doit nommer et octroyer le statut et les privil\u00e8ges d\u2019exercice de pratique des m\u00e9decins, dentistes et pharmaciens qui veulent exercer leur profession dans une installation du CISSS. Ces privil\u00e8ges sont octroy\u00e9s pour une p\u00e9riode de temps de 2 ou 3 ans. Le conseil a donc proc\u00e9d\u00e9 :<\/p>\n<ul>\n<li>\u00e0 la nomination de 5 nouveaux m\u00e9decins;<\/li>\n<li>\u00e0 l\u2019ajout de privil\u00e8ges de pratique pour 5 m\u00e9decins;<\/li>\n<li>au retrait et \u00e0 la modification de privil\u00e8ges de pratique pour 2 m\u00e9decins;<\/li>\n<li>au renouvellement de la nomination ainsi que du statut et des privil\u00e8ges de pratique octroy\u00e9s \u00e0 75 m\u00e9decins, et ce, pour une dur\u00e9e de 2 ou de 3 ans.<\/li>\n<\/ul>\n<h4 style=\"color: #ff5c0b;\"><strong>D\u00e9mission de membres du CMDP<\/strong><\/h4>\n<p>Le conseil a pris acte de la d\u00e9mission de 6 m\u00e9decins.<\/p>\n<h4 style=\"color: #ff5c0b;\"><strong>Octroi de privil\u00e8ges d\u2019exercice de la recherche \u00e0 des membres du CMDP<\/strong><\/h4>\n<p>Tel que pr\u00e9vu au Cadre r\u00e9glementaire sur les bonnes pratiques en recherche, le conseil a octroy\u00e9 \u00e0 3 m\u00e9decins un privil\u00e8ge d\u2019exercice de la recherche.<\/p>\n<h4 style=\"color: #ff5c0b;\"><strong>R\u00e9sultats financiers sommaires 2015-2016 et rapport p\u00e9riodique consolid\u00e9 RR-444 se terminant le 17 octobre 2015 (P\u00e9riode 7)<\/strong><\/h4>\n<p>Les donn\u00e9es financi\u00e8res en date du 17 octobre permettent de pr\u00e9voir l\u2019atteinte de l\u2019\u00e9quilibre budg\u00e9taire au 31 mars 2016, \u00e0 l\u2019exception du solde des co\u00fbts de transition pour la mise en oeuvre de la Loi modifiant la gouvernance et l\u2019organisation du r\u00e9seau de la sant\u00e9 et des services sociaux notamment par l\u2019abolition des agences r\u00e9gionales (LRQ, chapitre O-7.2) qui exc\u00e8de le financement attribu\u00e9 \u00e0 ce jour par le Minist\u00e8re et qui s\u2019\u00e9l\u00e8ve \u00e0 299 633 $.<\/p>\n<p>Le conseil a donc adopt\u00e9 le rapport p\u00e9riodique consolid\u00e9 RR-444.<\/p>\n<h4 style=\"color: #ff5c0b;\"><strong>Gestion contractuelle<\/strong><\/h4>\n<p>Le conseil a autoris\u00e9 la signature de 3 contrats d\u2019approvisionnement de plus de 500 000 $ et de 2 contrats de service de plus de 250 000 $.<\/p>\n<ul>\n<li>L\u2019acquisition d&rsquo;un appareil de radiofluoroscopie t\u00e9l\u00e9command\u00e9, utilis\u00e9 en imagerie m\u00e9dicale, \u00e0 la compagnie Siemens, au montant retenu au terme de l\u2019appel d\u2019offres regroup\u00e9, soit approximativement 669 530 $ (avant taxes).<\/li>\n<li>L\u2019achat de fournitures pour solutions opacifiantes utilis\u00e9es en m\u00e9decine nucl\u00e9aire \u00e0 l\u2019H\u00f4pital Charles-Le Moyne et l\u2019H\u00f4pital du Haut-Richelieu pour un montant estim\u00e9 \u00e0 2 385 000 $. Trois compagnies ont \u00e9t\u00e9 retenues au terme de l\u2019appel d\u2019offres regroup\u00e9, soit Bracco, GE Sant\u00e9 et Liebel. Il s\u2019agit de contrats de 5 ans.<\/li>\n<li>L\u2019acquisition d\u2019un st\u00e9rilisateur \u00e0 basse temp\u00e9rature \u00e0 Johnson &amp; Johnson repr\u00e9sentant une valeur totale \u00e9valu\u00e9e \u00e0 700 596 $ (avant taxes). Ce montant est r\u00e9parti de la fa\u00e7on suivante : 70 668 $ pour l\u2019achat de l\u2019appareil, 155 796 $ pour le contrat de service apr\u00e8s-vente et 474 132 $ pour les fournitures.<\/li>\n<li>Un contrat d&rsquo;entretien des ascenseurs des installations du CISSS d\u2019une valeur totale \u00e9valu\u00e9e \u00e0 environ 986 127 $ (avant taxes) pour une dur\u00e9e de 10 ans comprenant 7 ans de prolongation.<\/li>\n<li>Le contrat de service de t\u00e9l\u00e9phonie locale et interurbaine \u00e0 la compagnie Bell, Plan strat\u00e9gique du minist\u00e8re de la Sant\u00e9 et des Services sociaux 2015-2020.<\/li>\n<\/ul>\n<h4 style=\"color: #ff5c0b;\"><strong>Motion de f\u00e9licitations pour De garde 24\/7<\/strong><\/h4>\n<p>Mme Nicole Mongeon, vice-pr\u00e9sidente, a salu\u00e9 la grande qualit\u00e9 de la s\u00e9rie documentaire De garde 24\/7, diffus\u00e9e cet automne \u00e0 T\u00e9l\u00e9-Qu\u00e9bec, qui porte sur les \u00e9quipes m\u00e9dicales de l\u2019H\u00f4pital Charles-Le Moyne. Elle a tenu \u00e0 remercier le directeur de l\u2019enseignement, Dr Jacques-Philippe Faucher, qui a \u00e9t\u00e9 un acteur cl\u00e9 dans ce projet, ainsi que les m\u00e9decins qui ont particip\u00e9 aux tournages et leurs \u00e9quipes, pour leur engagement.<\/p>\n<h4 style=\"color: #ff5c0b;\"><strong>PROCHAINE\u00a0S\u00c9ANCE\u00a0DU CONSEIL<\/strong><\/h4>\n<p><span style=\"font-weight: 300;\">Le jeudi 28 janvier 2016, \u00e0 19 h, au 1255, rue Beauregard, Longueuil<\/span><\/p>\n<p>&nbsp;<\/p>\n<p>&nbsp;<\/p>\n","protected":false},"excerpt":{"rendered":"<p>Le Flash CA est le nouvel outil d\u2019information du Centre int\u00e9gr\u00e9 de sant\u00e9 et de services sociaux (CISSS) de la Mont\u00e9r\u00e9gie-Centre. Les nouvelles qui y sont diffus\u00e9es visent \u00e0 t\u00e9moigner des grands dossiers organisationnels qui sont discut\u00e9s aux s\u00e9ances publiques &hellip; <a href=\"https:\/\/santemc.quebec\/icentre\/flash-ca-les-nouvelles-de-la-seance-du-conseil-dadministration-du-3-decembre-2015\/\">Continuer la lecture <span class=\"meta-nav\">&rarr;<\/span><\/a><\/p>\n","protected":false},"author":1,"featured_media":0,"comment_status":"open","ping_status":"closed","sticky":false,"template":"","format":"standard","meta":{"footnotes":""},"categories":[1],"tags":[51],"_links":{"self":[{"href":"https:\/\/santemc.quebec\/icentre\/wp-json\/wp\/v2\/posts\/1411"}],"collection":[{"href":"https:\/\/santemc.quebec\/icentre\/wp-json\/wp\/v2\/posts"}],"about":[{"href":"https:\/\/santemc.quebec\/icentre\/wp-json\/wp\/v2\/types\/post"}],"author":[{"embeddable":true,"href":"https:\/\/santemc.quebec\/icentre\/wp-json\/wp\/v2\/users\/1"}],"replies":[{"embeddable":true,"href":"https:\/\/santemc.quebec\/icentre\/wp-json\/wp\/v2\/comments?post=1411"}],"version-history":[{"count":26,"href":"https:\/\/santemc.quebec\/icentre\/wp-json\/wp\/v2\/posts\/1411\/revisions"}],"predecessor-version":[{"id":2710,"href":"https:\/\/santemc.quebec\/icentre\/wp-json\/wp\/v2\/posts\/1411\/revisions\/2710"}],"wp:attachment":[{"href":"https:\/\/santemc.quebec\/icentre\/wp-json\/wp\/v2\/media?parent=1411"}],"wp:term":[{"taxonomy":"category","embeddable":true,"href":"https:\/\/santemc.quebec\/icentre\/wp-json\/wp\/v2\/categories?post=1411"},{"taxonomy":"post_tag","embeddable":true,"href":"https:\/\/santemc.quebec\/icentre\/wp-json\/wp\/v2\/tags?post=1411"}],"curies":[{"name":"wp","href":"https:\/\/api.w.org\/{rel}","templated":true}]}}