{"id":141496,"date":"2019-08-26T09:55:54","date_gmt":"2019-08-26T13:55:54","guid":{"rendered":"http:\/\/santemc.quebec\/icentre\/?p=141496"},"modified":"2019-08-26T09:55:54","modified_gmt":"2019-08-26T13:55:54","slug":"concours-les-visages-de-lallaitement-2","status":"publish","type":"post","link":"https:\/\/santemc.quebec\/icentre\/concours-les-visages-de-lallaitement-2\/","title":{"rendered":"Concours : les visages de l\u2019allaitement"},"content":{"rendered":"<p><a href=\"https:\/\/santemc.quebec\/santemc\/icentre\/wp-content\/uploads\/2019\/08\/concours_allaitement.png\"><img decoding=\"async\" loading=\"lazy\" class=\"size-medium wp-image-141497 alignleft\" src=\"https:\/\/santemc.quebec\/santemc\/icentre\/wp-content\/uploads\/2019\/08\/concours_allaitement-300x298.png\" alt=\"\" width=\"300\" height=\"298\" srcset=\"https:\/\/santemc.quebec\/santemc\/icentre\/wp-content\/uploads\/2019\/08\/concours_allaitement-300x298.png 300w, https:\/\/santemc.quebec\/santemc\/icentre\/wp-content\/uploads\/2019\/08\/concours_allaitement-150x150.png 150w, https:\/\/santemc.quebec\/santemc\/icentre\/wp-content\/uploads\/2019\/08\/concours_allaitement-302x300.png 302w, https:\/\/santemc.quebec\/santemc\/icentre\/wp-content\/uploads\/2019\/08\/concours_allaitement.png 732w\" sizes=\"(max-width: 300px) 100vw, 300px\" \/><\/a>Dans le cadre de la Semaine mondiale de l\u2019allaitement, qui aura lieu du 1<sup>er <\/sup>\u00a0au 7 octobre, la Direction jeunesse de notre CISSS invite l\u2019ensemble du personnel \u00e0 participer \u00e0 son concours \u00ab Les visages de l\u2019allaitement \u00bb. Que ce soit sous forme de texte, de po\u00e8me ou de photo\u00a0: choisissez le m\u00e9dium qui vous inspire pour nous partager votre exp\u00e9rience de l\u2019allaitement.<\/p>\n<p><!--more--><\/p>\n<p>Ce concours se veut une occasion privil\u00e9gi\u00e9e de souligner l\u2019unicit\u00e9 de chacune des exp\u00e9riences d\u2019allaitement.<\/p>\n<p>Un volet du concours sera r\u00e9serv\u00e9 \u00e0 la population du territoire. La promotion du concours grand public se fera gr\u00e2ce \u00e0 une campagne d\u2019affichage et sur nos m\u00e9dias sociaux.<\/p>\n<p><strong>Comment participer?<br \/>\n<\/strong>Rendez-vous sur le portail Web\u00a0:\u00a0<a href=\"http:\/\/www.santemc.quebec\/allaitement\" target=\"_blank\" rel=\"noopener noreferrer\">www.santemc.quebec\/allaitement<\/a>. Suivez les instructions pour nous transf\u00e9rer vos documents.<\/p>\n<p>Parmi tous les employ\u00e9s qui auront particip\u00e9, le CISSS remettra un prix par tirage au sort : une s\u00e9ance photo professionnelle!<\/p>\n<p>Vous avez jusqu\u2019au 20 septembre pour participer.<\/p>\n<p>Merci de votre int\u00e9r\u00eat!<\/p>\n","protected":false},"excerpt":{"rendered":"<p>Dans le cadre de la Semaine mondiale de l\u2019allaitement, qui aura lieu du 1er \u00a0au 7 octobre, la Direction jeunesse de notre CISSS invite l\u2019ensemble du personnel \u00e0 participer \u00e0 son concours \u00ab Les visages de l\u2019allaitement \u00bb. Que ce &hellip; <a href=\"https:\/\/santemc.quebec\/icentre\/concours-les-visages-de-lallaitement-2\/\">Continuer la lecture <span class=\"meta-nav\">&rarr;<\/span><\/a><\/p>\n","protected":false},"author":9,"featured_media":0,"comment_status":"open","ping_status":"closed","sticky":false,"template":"","format":"standard","meta":{"footnotes":""},"categories":[1],"tags":[],"_links":{"self":[{"href":"https:\/\/santemc.quebec\/icentre\/wp-json\/wp\/v2\/posts\/141496"}],"collection":[{"href":"https:\/\/santemc.quebec\/icentre\/wp-json\/wp\/v2\/posts"}],"about":[{"href":"https:\/\/santemc.quebec\/icentre\/wp-json\/wp\/v2\/types\/post"}],"author":[{"embeddable":true,"href":"https:\/\/santemc.quebec\/icentre\/wp-json\/wp\/v2\/users\/9"}],"replies":[{"embeddable":true,"href":"https:\/\/santemc.quebec\/icentre\/wp-json\/wp\/v2\/comments?post=141496"}],"version-history":[{"count":1,"href":"https:\/\/santemc.quebec\/icentre\/wp-json\/wp\/v2\/posts\/141496\/revisions"}],"predecessor-version":[{"id":141498,"href":"https:\/\/santemc.quebec\/icentre\/wp-json\/wp\/v2\/posts\/141496\/revisions\/141498"}],"wp:attachment":[{"href":"https:\/\/santemc.quebec\/icentre\/wp-json\/wp\/v2\/media?parent=141496"}],"wp:term":[{"taxonomy":"category","embeddable":true,"href":"https:\/\/santemc.quebec\/icentre\/wp-json\/wp\/v2\/categories?post=141496"},{"taxonomy":"post_tag","embeddable":true,"href":"https:\/\/santemc.quebec\/icentre\/wp-json\/wp\/v2\/tags?post=141496"}],"curies":[{"name":"wp","href":"https:\/\/api.w.org\/{rel}","templated":true}]}}