{"id":142469,"date":"2019-08-29T10:45:02","date_gmt":"2019-08-29T14:45:02","guid":{"rendered":"http:\/\/santemc.quebec\/icentre\/?p=142469"},"modified":"2019-08-29T10:48:27","modified_gmt":"2019-08-29T14:48:27","slug":"parcours-de-la-releve-professionnelle-nouvelles-dates","status":"publish","type":"post","link":"https:\/\/santemc.quebec\/icentre\/parcours-de-la-releve-professionnelle-nouvelles-dates\/","title":{"rendered":"Parcours de la rel\u00e8ve professionnelle : nouvelles dates"},"content":{"rendered":"<p>La Direction des services multidisciplinaire poursuit sa d\u00e9marche visant \u00e0 faciliter l\u2019int\u00e9gration des nouveaux intervenants au sein de notre organisation. Le <em>Parcours de la rel\u00e8ve professionnelle <\/em>est un programme de formation destin\u00e9 aux jeunes dipl\u00f4m\u00e9s membres du conseil multidisciplinaire (CM) r\u00e9cemment embauch\u00e9s.<\/p>\n<p><!--more--><\/p>\n<p>Depuis mars 2019, quatre groupes ont particip\u00e9 \u00e0 la pr\u00e9sentation des capsules \u00ab Me situer dans ma nouvelle organisation \u00bb et \u00ab\u00a0<em>Me centrer sur la qualit\u00e9 et les enjeux \u00e9thiques<\/em> \u00bb. Les participants ont appr\u00e9ci\u00e9 de pouvoir s\u2019exprimer et partager sur les diff\u00e9rents enjeux tout en apprenant sur notre organisation, la population servie et les notions reli\u00e9es \u00e0 la qualit\u00e9 et la gestion des risques.<\/p>\n<p>Rappelons que ce projet pilote a \u00e9t\u00e9 cr\u00e9\u00e9 \u00e0 la suite d&rsquo;un processus de consultation par l\u2019entremise de sondages et de <em>focus groups<\/em> dans le but de conna\u00eetre les difficult\u00e9s \u00e9prouv\u00e9es par les nouveaux intervenants et d\u2019identifier des fa\u00e7ons de les att\u00e9nuer. Cette d\u00e9marche a \u00e9t\u00e9 faite de concert avec le Consortium des directeurs adjoints, l\u2019ex\u00e9cutif du conseil multidisciplinaire et l\u2019instance syndicale (APTS). L\u2019exercice a men\u00e9 \u00e0 l\u2019\u00e9laboration d\u2019un contenu de formation adapt\u00e9 aux besoins des nouveaux dipl\u00f4m\u00e9s, membres du conseil multidisciplinaire. Le contenu de formation se d\u00e9cline en trois capsules de formation.<\/p>\n<p>Des dates sont maintenant disponibles pour s\u2019inscrire \u00e0 la capsule 3\u00a0: \u00ab\u00a0<em>Prendre ma place dans l\u2019\u00e9quipe<\/em>\u00a0\u00bb. Nous sollicitons votre soutien afin de diffuser l\u2019information ci-jointe aupr\u00e8s de tous vos employ\u00e9s membres du CM avec peu d\u2019exp\u00e9rience professionnelle et embauch\u00e9s au cours des 12 derniers mois. <strong>Ils peuvent s\u2019inscrire d\u00e8s maintenant \u00e0 la troisi\u00e8me capsule.<\/strong> Les capsules ont \u00e9t\u00e9 con\u00e7ues de fa\u00e7on flexible afin de pouvoir s\u2019adapter \u00e0 la r\u00e9alit\u00e9 des diff\u00e9rents secteurs. Ces capsules sont r\u00e9p\u00e9t\u00e9es quelques fois par ann\u00e9e, sont ind\u00e9pendantes et peuvent \u00eatre suivies dans n\u2019importe quel ordre.<\/p>\n<p>Vous pouvez consulter le <a href=\"https:\/\/santemc.quebec\/santemc\/icentre\/wp-content\/uploads\/2019\/08\/devis_formation_parcours_releve_prof_capsule3.pdf\" target=\"_blank\" rel=\"noopener noreferrer\">devis de formation<\/a> donnant tous les d\u00e9tails sur le programme ainsi que le <a href=\"https:\/\/santemc.quebec\/santemc\/icentre\/wp-content\/uploads\/2019\/08\/calendrier-de-formation_parcours_releve_prof_capsule3.pdf\" target=\"_blank\" rel=\"noopener noreferrer\">calendrier de formation<\/a>\u00a0pour la capsule 3. Nous vous invitons \u00e0 les afficher dans vos secteurs et \u00e0 en faire la promotion. La p\u00e9riode d\u2019inscription est actuellement ouverte et les places sont limit\u00e9es. Tous les d\u00e9tails pour l\u2019inscription se trouvent dans le <em>devis de formation<\/em>.<\/p>\n<p>Deux dates sont maintenant disponibles pour la capsule 3 <em>\u00ab\u00a0Prendre ma place dans l\u2019\u00e9quipe\u00a0\u00bb<\/em>\u00a0:<\/p>\n<table>\n<tbody>\n<tr>\n<td>Le mardi 8 octobre, de 8 h 30 \u00e0 12 h<br \/>\nSalle 567 (1er \u00e9tage)<br \/>\nCLSC de la Vall\u00e9e-des-Forts<br \/>\n978, boulevard du S\u00e9minaire Nord<br \/>\nSaint-Jean-sur-Richelieu (Qu\u00e9bec)<\/td>\n<td>Le mercredi 9 octobre, de 13 h 30 \u00e0 16 h 30<br \/>\nSalle FO-0020<br \/>\nH\u00f4pital Charles-Le Moyne<br \/>\n3120, boulevard Taschereau<br \/>\nGreenfield Park (Qu\u00e9bec)<\/td>\n<\/tr>\n<\/tbody>\n<\/table>\n<p>Vous pouvez vous inscrire \u00e0 l\u2019une ou l\u2019autre de ces sessions en cliquant sur le lien suivant (places limit\u00e9es) : <a href=\"https:\/\/fr.surveymonkey.com\/r\/BTZLM5P\" target=\"_blank\" rel=\"noopener noreferrer\">https:\/\/fr.surveymonkey.com\/r\/BTZLM5P<\/a><\/p>\n","protected":false},"excerpt":{"rendered":"<p>La Direction des services multidisciplinaire poursuit sa d\u00e9marche visant \u00e0 faciliter l\u2019int\u00e9gration des nouveaux intervenants au sein de notre organisation. Le Parcours de la rel\u00e8ve professionnelle est un programme de formation destin\u00e9 aux jeunes dipl\u00f4m\u00e9s membres du conseil multidisciplinaire (CM) &hellip; <a href=\"https:\/\/santemc.quebec\/icentre\/parcours-de-la-releve-professionnelle-nouvelles-dates\/\">Continuer la lecture <span class=\"meta-nav\">&rarr;<\/span><\/a><\/p>\n","protected":false},"author":9,"featured_media":0,"comment_status":"open","ping_status":"closed","sticky":false,"template":"","format":"standard","meta":{"footnotes":""},"categories":[1],"tags":[],"_links":{"self":[{"href":"https:\/\/santemc.quebec\/icentre\/wp-json\/wp\/v2\/posts\/142469"}],"collection":[{"href":"https:\/\/santemc.quebec\/icentre\/wp-json\/wp\/v2\/posts"}],"about":[{"href":"https:\/\/santemc.quebec\/icentre\/wp-json\/wp\/v2\/types\/post"}],"author":[{"embeddable":true,"href":"https:\/\/santemc.quebec\/icentre\/wp-json\/wp\/v2\/users\/9"}],"replies":[{"embeddable":true,"href":"https:\/\/santemc.quebec\/icentre\/wp-json\/wp\/v2\/comments?post=142469"}],"version-history":[{"count":3,"href":"https:\/\/santemc.quebec\/icentre\/wp-json\/wp\/v2\/posts\/142469\/revisions"}],"predecessor-version":[{"id":142474,"href":"https:\/\/santemc.quebec\/icentre\/wp-json\/wp\/v2\/posts\/142469\/revisions\/142474"}],"wp:attachment":[{"href":"https:\/\/santemc.quebec\/icentre\/wp-json\/wp\/v2\/media?parent=142469"}],"wp:term":[{"taxonomy":"category","embeddable":true,"href":"https:\/\/santemc.quebec\/icentre\/wp-json\/wp\/v2\/categories?post=142469"},{"taxonomy":"post_tag","embeddable":true,"href":"https:\/\/santemc.quebec\/icentre\/wp-json\/wp\/v2\/tags?post=142469"}],"curies":[{"name":"wp","href":"https:\/\/api.w.org\/{rel}","templated":true}]}}