{"id":142475,"date":"2019-08-29T10:52:01","date_gmt":"2019-08-29T14:52:01","guid":{"rendered":"http:\/\/santemc.quebec\/icentre\/?p=142475"},"modified":"2019-08-29T10:52:01","modified_gmt":"2019-08-29T14:52:01","slug":"quand-les-malheurs-sacharnent-il-faut-se-battre-plus-fort","status":"publish","type":"post","link":"https:\/\/santemc.quebec\/icentre\/quand-les-malheurs-sacharnent-il-faut-se-battre-plus-fort\/","title":{"rendered":"Quand les malheurs s\u2019acharnent, il faut se battre plus fort!"},"content":{"rendered":"<div id=\"attachment_142476\" style=\"width: 310px\" class=\"wp-caption alignleft\"><a href=\"https:\/\/santemc.quebec\/santemc\/icentre\/wp-content\/uploads\/2019\/08\/Stephane_Tremblay.jpg\"><img aria-describedby=\"caption-attachment-142476\" decoding=\"async\" loading=\"lazy\" class=\"size-medium wp-image-142476\" src=\"https:\/\/santemc.quebec\/santemc\/icentre\/wp-content\/uploads\/2019\/08\/Stephane_Tremblay-300x236.jpg\" alt=\"\" width=\"300\" height=\"236\" srcset=\"https:\/\/santemc.quebec\/santemc\/icentre\/wp-content\/uploads\/2019\/08\/Stephane_Tremblay-300x236.jpg 300w, https:\/\/santemc.quebec\/santemc\/icentre\/wp-content\/uploads\/2019\/08\/Stephane_Tremblay-768x605.jpg 768w, https:\/\/santemc.quebec\/santemc\/icentre\/wp-content\/uploads\/2019\/08\/Stephane_Tremblay-1024x806.jpg 1024w, https:\/\/santemc.quebec\/santemc\/icentre\/wp-content\/uploads\/2019\/08\/Stephane_Tremblay-381x300.jpg 381w, https:\/\/santemc.quebec\/santemc\/icentre\/wp-content\/uploads\/2019\/08\/Stephane_Tremblay.jpg 1280w\" sizes=\"(max-width: 300px) 100vw, 300px\" \/><\/a><p id=\"caption-attachment-142476\" class=\"wp-caption-text\">St\u00e9phane Tremblay en compagnie de sa conjointe.<\/p><\/div>\n<p>\u00c0 l\u2019aube de la cinquantaine, St\u00e9phane Tremblay jonglait habilement entre le travail, la vie de famille et les pratiques de hockey de ses deux adolescents. Mais en une seule nuit, tout a chang\u00e9\u2026<\/p>\n<p><!--more--><\/p>\n<p>En d\u00e9cembre 2017, St\u00e9phane ressent de gros maux de dos qui l\u2019obligent \u00e0 rester au lit, malgr\u00e9 les nombreuses festivit\u00e9s du temps des F\u00eates. Les douleurs ne cessent de s\u2019intensifier, puis, dans la nuit du 1<sup>er<\/sup> au 2 janvier 2018, tout le bas de son corps paralyse.<\/p>\n<p>Apr\u00e8s avoir pass\u00e9 des tests \u00e0 l\u2019h\u00f4pital de sa r\u00e9gion, St\u00e9phane est transf\u00e9r\u00e9 d\u2019urgence \u00e0 l\u2019H\u00f4pital Charles-Le Moyne. Dr Philippe Martel, neurochirurgien \u00e0 l\u2019H\u00f4pital, lui annonce qu\u2019il souffre du syndrome de la queue de cheval (compression des racines nerveuses), caus\u00e9 par une masse canc\u00e9reuse au bas du dos. Il doit \u00eatre op\u00e9r\u00e9 rapidement, car les s\u00e9quelles pourraient \u00eatre irr\u00e9versibles. Mais ce n\u2019est pas tout, St\u00e9phane a aussi des m\u00e9tastases aux poumons, au foie et aux reins.<\/p>\n<p>Refusant de se laisser abattre, St\u00e9phane subit l\u2019op\u00e9ration pour retirer la masse, puis entreprend des traitements d\u2019immunoth\u00e9rapie. Mais rapidement, St\u00e9phane doit faire face \u00e0 une autre difficult\u00e9\u00a0: une masse de la grosseur d\u2019une balle de baseball appara\u00eet sur son visage, n\u00e9cessitant des traitements de radioth\u00e9rapie intensifs.<\/p>\n<p>Les \u00e9preuves se sont accumul\u00e9es rapidement pour St\u00e9phane au cours des derniers mois, mais contre toute attente, un an et demi plus tard, les traces de cancer ont diminu\u00e9 de pr\u00e8s de 50 %. St\u00e9phane se sent choy\u00e9 d\u2019avoir \u00e9t\u00e9 soutenu par sa famille et ses amis tout au long de son parcours, et d\u2019avoir pu compter sur les conseils et l\u2019expertise de Dre Alexandra Desnoyers, r\u00e9sidente en oncologie au CICM.<\/p>\n<p>Bien que le combat ne soit pas termin\u00e9, St\u00e9phane est optimiste pour la suite. Gr\u00e2ce \u00e0 des exercices de r\u00e9adaptation, il a retrouv\u00e9 une bonne partie de sa mobilit\u00e9 et peut marcher \u00e0 nouveau.<\/p>\n<p>Une belle victoire que St\u00e9phane et Dre Desnoyers comptent bien souligner ensemble le 28 septembre prochain, en participant au D\u00e9fi des g\u00e9n\u00e9rations contre le cancer. Lui, en marchant 1 km et, elle, en courant 10 km!<\/p>\n<p><em>Vous souhaitez participer au D\u00e9fi ou en savoir plus : <\/em><\/p>\n","protected":false},"excerpt":{"rendered":"<p>\u00c0 l\u2019aube de la cinquantaine, St\u00e9phane Tremblay jonglait habilement entre le travail, la vie de famille et les pratiques de hockey de ses deux adolescents. Mais en une seule nuit, tout a chang\u00e9\u2026<\/p>\n","protected":false},"author":9,"featured_media":0,"comment_status":"open","ping_status":"closed","sticky":false,"template":"","format":"standard","meta":{"footnotes":""},"categories":[1],"tags":[],"_links":{"self":[{"href":"https:\/\/santemc.quebec\/icentre\/wp-json\/wp\/v2\/posts\/142475"}],"collection":[{"href":"https:\/\/santemc.quebec\/icentre\/wp-json\/wp\/v2\/posts"}],"about":[{"href":"https:\/\/santemc.quebec\/icentre\/wp-json\/wp\/v2\/types\/post"}],"author":[{"embeddable":true,"href":"https:\/\/santemc.quebec\/icentre\/wp-json\/wp\/v2\/users\/9"}],"replies":[{"embeddable":true,"href":"https:\/\/santemc.quebec\/icentre\/wp-json\/wp\/v2\/comments?post=142475"}],"version-history":[{"count":1,"href":"https:\/\/santemc.quebec\/icentre\/wp-json\/wp\/v2\/posts\/142475\/revisions"}],"predecessor-version":[{"id":142477,"href":"https:\/\/santemc.quebec\/icentre\/wp-json\/wp\/v2\/posts\/142475\/revisions\/142477"}],"wp:attachment":[{"href":"https:\/\/santemc.quebec\/icentre\/wp-json\/wp\/v2\/media?parent=142475"}],"wp:term":[{"taxonomy":"category","embeddable":true,"href":"https:\/\/santemc.quebec\/icentre\/wp-json\/wp\/v2\/categories?post=142475"},{"taxonomy":"post_tag","embeddable":true,"href":"https:\/\/santemc.quebec\/icentre\/wp-json\/wp\/v2\/tags?post=142475"}],"curies":[{"name":"wp","href":"https:\/\/api.w.org\/{rel}","templated":true}]}}