{"id":143942,"date":"2019-09-03T14:03:26","date_gmt":"2019-09-03T18:03:26","guid":{"rendered":"http:\/\/santemc.quebec\/icentre\/?p=143942"},"modified":"2019-09-03T14:08:58","modified_gmt":"2019-09-03T18:08:58","slug":"agrement-capsule-dinformation-no-1-copy-copy-copy-copy-copy-copy-copy-copy-copy-copy-copy-copy-copy-copy-copy-copy-copy","status":"publish","type":"post","link":"https:\/\/santemc.quebec\/icentre\/agrement-capsule-dinformation-no-1-copy-copy-copy-copy-copy-copy-copy-copy-copy-copy-copy-copy-copy-copy-copy-copy-copy\/","title":{"rendered":"Agr\u00e9ment : capsule d&rsquo;information no 18"},"content":{"rendered":"<p><strong><span style=\"color: #e7242a;\"><a href=\"http:\/\/santemc.quebec\/santemc\/icentre\/wp-content\/uploads\/2019\/05\/agrement.png\"><img decoding=\"async\" loading=\"lazy\" class=\" wp-image-10364 alignleft\" src=\"http:\/\/santemc.quebec\/santemc\/icentre\/wp-content\/uploads\/2019\/05\/agrement.png\" alt=\"\" width=\"193\" height=\"195\" \/><\/a>Sujet : La gestion s\u00e9curit\u00e9 des m\u00e9dicaments de niveau d&rsquo;alerte \u00e9lev\u00e9 : une pratique organisationnelle requise (POR)!<br \/>\nPublic vis\u00e9 : Tous les m\u00e9decins, pharmaciens, personnel infirmier ainsi que tous les professionnels engag\u00e9s dans les soins au patient<\/span><\/strong><\/p>\n<p>&nbsp;<\/p>\n<p>&nbsp;<\/p>\n<p style=\"text-align: left;\"><strong><span style=\"color: #e7242a;\">\u00c0 retenir :<\/span><\/strong><\/p>\n<ol>\n<li><b>Un <\/b><b>m\u00e9dicament d\u2019un niveau d\u2019alerte est un m\u00e9dicament qui pr\u00e9sente un risque accru de causer des <\/b><b>pr\u00e9judices <\/b><b>importants \u00e0 l\u2019usager par erreur.\u00a0 <\/b><b><br \/>\nQue <\/b><b>les erreurs soient plus fr\u00e9quentes ou non avec ces m\u00e9dicaments, elles ont nettement des cons\u00e9quences plus <\/b><b>catastrophiques <\/b><b>pour les usagers.<\/b><\/li>\n<li><b>Il <\/b><b>existe une politique sur la gestion des m\u00e9dicaments de niveau d\u2019alerte \u00e9lev\u00e9 et cette politique comprend une liste des m\u00e9dicaments de niveau d\u2019alerte \u00e9lev\u00e9 (DSP-403).<\/b><\/li>\n<li><b>La <\/b><b>politique comprend des proc\u00e9dures pour l\u2019entreposage, l\u2019ordonnance, la pr\u00e9paration et l\u2019administration de chaque m\u00e9dicament de niveau d\u2019alerte \u00e9lev\u00e9 cibl\u00e9.<\/b><\/li>\n<li><b>La <\/b><b>double v\u00e9rification ind\u00e9pendante (DVI) est un processus au cours duquel un second professionnel de la sant\u00e9, un ASSS, un aide-soignant en RI et RTF ou un PAB en RPA (v\u00e9rificateur) proc\u00e8de \u00e0 une v\u00e9rification d\u2019un m\u00e9dicament de niveau d\u2019alerte \u00e9lev\u00e9.\u00a0\u00a0<\/b><\/li>\n<\/ol>\n<p><!--more--><\/p>\n<p><strong><span style=\"color: #e7242a;\">Concr\u00e8tement\u00a0<\/span><\/strong><\/p>\n<p>Diff\u00e9rents moyens ont \u00e9t\u00e9 mis en place afin de rappeler au personnel de soins la n\u00e9cessit\u00e9 de faire la DVI :<\/p>\n<ul>\n<li>Les m\u00e9dicaments vis\u00e9s par la politique sont identifi\u00e9s par une \u00e9tiquette color\u00e9e<br \/>\n\u00ab M\u00e9dicament d\u2019alerte \u00e9lev\u00e9 \u00bb dans les diff\u00e9rents lieux d\u2019entreposage.<\/li>\n<li>Une identification \u00ab DVI \u00bb sur les formulaires d\u2019administration des m\u00e9dicaments (FADM) est visible ainsi que sur d\u2019autres formulaires d\u2019administration des m\u00e9dicaments pr\u00e9autoris\u00e9s.<\/li>\n<li>Il y aura une mention d\u2019alerte lors du retrait du m\u00e9dicament du cabinet d\u00e9centralis\u00e9.<\/li>\n<\/ul>\n<p><strong><span style=\"color: #e7242a;\">Ce que nous avons fait\u00a0<\/span><\/strong><\/p>\n<ul>\n<li>Diffuser la Politique de gestion des m\u00e9dicaments de niveau d\u2019alerte \u00e9lev\u00e9, adopt\u00e9e au conseil d\u2019administration du 12 juin 2019<br \/>\nG:\\05-ADMINISTRATION\\Politique_procedure\\CISSSMC<br \/>\nIntranet HRR : Affaires M\u00e9dicales Services Diagnostiques &gt; CentreDocumentaire &gt; Politiques &gt; CISSS de la Mont\u00e9r\u00e9gie-Centre<\/li>\n<li>Cr\u00e9er des formations E-learning incluant des vid\u00e9os capsules (disponibles au mois d\u2019ao\u00fbt).<\/li>\n<li>Identifier les m\u00e9dicaments \u00e0 risque \u00e9lev\u00e9 dans les diff\u00e9rents lieux d\u2019entreposage de ceux-ci.<\/li>\n<\/ul>\n<p><a href=\"https:\/\/santemc.quebec\/santemc\/icentre\/wp-content\/uploads\/2019\/09\/No18_20190903_GestionMedicament.pdf\" target=\"_blank\" rel=\"noopener noreferrer\">Version PDF pour impression et pour affichage dans vos secteurs<\/a><\/p>\n<p><a href=\"http:\/\/www.santemc.quebec\/agrement\" target=\"_blank\" rel=\"noopener noreferrer\">www.santemc.quebec\/agrement<\/a><\/p>\n<p>&nbsp;<\/p>\n","protected":false},"excerpt":{"rendered":"<p>Sujet : La gestion s\u00e9curit\u00e9 des m\u00e9dicaments de niveau d&rsquo;alerte \u00e9lev\u00e9 : une pratique organisationnelle requise (POR)! Public vis\u00e9 : Tous les m\u00e9decins, pharmaciens, personnel infirmier ainsi que tous les professionnels engag\u00e9s dans les soins au patient &nbsp; &nbsp; \u00c0 &hellip; <a href=\"https:\/\/santemc.quebec\/icentre\/agrement-capsule-dinformation-no-1-copy-copy-copy-copy-copy-copy-copy-copy-copy-copy-copy-copy-copy-copy-copy-copy-copy\/\">Continuer la lecture <span class=\"meta-nav\">&rarr;<\/span><\/a><\/p>\n","protected":false},"author":9,"featured_media":0,"comment_status":"open","ping_status":"closed","sticky":false,"template":"","format":"standard","meta":{"footnotes":""},"categories":[1],"tags":[],"_links":{"self":[{"href":"https:\/\/santemc.quebec\/icentre\/wp-json\/wp\/v2\/posts\/143942"}],"collection":[{"href":"https:\/\/santemc.quebec\/icentre\/wp-json\/wp\/v2\/posts"}],"about":[{"href":"https:\/\/santemc.quebec\/icentre\/wp-json\/wp\/v2\/types\/post"}],"author":[{"embeddable":true,"href":"https:\/\/santemc.quebec\/icentre\/wp-json\/wp\/v2\/users\/9"}],"replies":[{"embeddable":true,"href":"https:\/\/santemc.quebec\/icentre\/wp-json\/wp\/v2\/comments?post=143942"}],"version-history":[{"count":2,"href":"https:\/\/santemc.quebec\/icentre\/wp-json\/wp\/v2\/posts\/143942\/revisions"}],"predecessor-version":[{"id":143945,"href":"https:\/\/santemc.quebec\/icentre\/wp-json\/wp\/v2\/posts\/143942\/revisions\/143945"}],"wp:attachment":[{"href":"https:\/\/santemc.quebec\/icentre\/wp-json\/wp\/v2\/media?parent=143942"}],"wp:term":[{"taxonomy":"category","embeddable":true,"href":"https:\/\/santemc.quebec\/icentre\/wp-json\/wp\/v2\/categories?post=143942"},{"taxonomy":"post_tag","embeddable":true,"href":"https:\/\/santemc.quebec\/icentre\/wp-json\/wp\/v2\/tags?post=143942"}],"curies":[{"name":"wp","href":"https:\/\/api.w.org\/{rel}","templated":true}]}}