{"id":144304,"date":"2019-09-05T09:58:31","date_gmt":"2019-09-05T13:58:31","guid":{"rendered":"http:\/\/santemc.quebec\/icentre\/?p=144304"},"modified":"2019-09-05T14:43:14","modified_gmt":"2019-09-05T18:43:14","slug":"semaine-des-droits-des-usagers","status":"publish","type":"post","link":"https:\/\/santemc.quebec\/icentre\/semaine-des-droits-des-usagers\/","title":{"rendered":"Semaine des droits des usagers"},"content":{"rendered":"<p><strong><a href=\"https:\/\/santemc.quebec\/santemc\/icentre\/wp-content\/uploads\/2019\/09\/semaine_droits_usagers.jpg\"><img decoding=\"async\" loading=\"lazy\" class=\"size-medium wp-image-144305 alignleft\" src=\"https:\/\/santemc.quebec\/santemc\/icentre\/wp-content\/uploads\/2019\/09\/semaine_droits_usagers-269x300.jpg\" alt=\"\" width=\"269\" height=\"300\" srcset=\"https:\/\/santemc.quebec\/santemc\/icentre\/wp-content\/uploads\/2019\/09\/semaine_droits_usagers-269x300.jpg 269w, https:\/\/santemc.quebec\/santemc\/icentre\/wp-content\/uploads\/2019\/09\/semaine_droits_usagers.jpg 572w\" sizes=\"(max-width: 269px) 100vw, 269px\" \/><\/a>Dans le cadre de la Semaine des droits des usagers du r\u00e9seau de la sant\u00e9 et des services sociaux, le comit\u00e9 des usagers du Haut-Richelieu<\/strong>\u2013<strong>Rouville vous propose une panoplie d\u2019activit\u00e9s!<\/strong><\/p>\n<p><!--more--><\/p>\n<p>La Semaine des droits des usagers se d\u00e9roulera du 19 au 27 septembre prochains sous le th\u00e8me du droit de participer aux d\u00e9cisions. Le comit\u00e9 des usagers Haut-Richelieu\u2013Rouville a organis\u00e9 plusieurs activit\u00e9s et invite la population \u00e0 y participer. Ainsi, il y aura la possibilit\u00e9 d\u2019assister \u00e0 quatre conf\u00e9rences offertes gratuitement et des kiosques d\u2019information se d\u00e9ploieront dans la r\u00e9gion.<\/p>\n<p>La th\u00e9matique de cette ann\u00e9e vise \u00e0 inviter l\u2019usager \u00e0 \u00eatre partenaire de sa sant\u00e9 en participant aux d\u00e9cisions le concernant. Que ce soit en donnant son opinion sur les services qu\u2019il re\u00e7oit, en participant aux \u00e9changes qui concernent sa condition de sant\u00e9, en faisant des choix au quotidien sur diff\u00e9rents aspects de sa vie, en mentionnant ses attentes au personnel soignant ou en donnant son consentement \u00e0 une intervention.<\/p>\n<p>Les conf\u00e9rences propos\u00e9es sont\u00a0:<\/p>\n<ul>\n<li><strong>La sant\u00e9 mentale, c\u2019est l\u2019affaire de tous! <\/strong><a href=\"https:\/\/santemc.quebec\/santemc\/icentre\/wp-content\/uploads\/2019\/09\/Affiche_conf\u00e9rence-sant\u00e9-mentale_2019_CR.pdf\" target=\"_blank\" rel=\"noopener noreferrer\">(Voir l&rsquo;affiche.)<\/a>\u00a0Le jeudi 12 septembre 2019, \u00e0 19 h, \u00e0 l\u2019auditorium de la Polyvalente Chanoine-Armand-Racicot (940, boul. Normandie \u00e0 Saint-Jean-sur-Richelieu \u2013 entr\u00e9e rue Pierre-Caisse). Anim\u00e9e par monsieur Gilles Vachon, psychologue, cette conf\u00e9rence a pour objectif de d\u00e9mythifier et d\u00e9dramatiser, de fa\u00e7on humoristique, la maladie mentale.<\/li>\n<li>D\u00eener-conf\u00e9rence : <strong>Oui, la bientraitance pour autrui\u2026 et pour soi aussi!<\/strong> <a href=\"https:\/\/santemc.quebec\/santemc\/icentre\/wp-content\/uploads\/2019\/09\/Affiche_diner-conf\u00e9rence_2019_CR.pdf\" target=\"_blank\" rel=\"noopener noreferrer\">(Voir l&rsquo;affiche.)<\/a> Le vendredi 20 septembre 2019, de 12 h \u00e0 15 h, au restaurant Fourquet Fourchette (1887, avenue Bourgogne \u00e0 Chambly). Cette conf\u00e9rence anim\u00e9e par madame Francine Bergeron, consultante en gestion des savoirs et en formation, exposera en quelques traits la maltraitance pour mieux en faire \u00e9merger le concept de bientraitance pour autrui comme pour soi.<\/li>\n<li>Caf\u00e9-rencontre\u00a0: <strong>Le parcours d\u2019usagers dans le r\u00e9seau de la sant\u00e9 : l\u2019opportunit\u00e9 de participer aux d\u00e9cisions! <\/strong><a href=\"https:\/\/santemc.quebec\/santemc\/icentre\/wp-content\/uploads\/2019\/09\/Affiche_caf\u00e9-rencontre_2019_CR.pdf\" target=\"_blank\" rel=\"noopener noreferrer\">(Voir l&rsquo;affiche.) <\/a>Le mardi 24 septembre 2019, \u00e0 13 h 30, \u00e0 la caf\u00e9t\u00e9ria vitr\u00e9e du CHSLD Sainte-Croix (300, du Docteur-Poulin \u00e0 Marieville). Ce caf\u00e9-rencontre consiste en des t\u00e9moignages d\u2019usagers qui viendront nous entretenir de leur parcours d\u2019usagers dans le r\u00e9seau de la sant\u00e9 et de la fa\u00e7on dont ils ont particip\u00e9 aux d\u00e9cisions concernant leurs soins. La population est invit\u00e9e \u00e0 venir partager leur exp\u00e9rience sur place.<\/li>\n<li>D\u00e9jeuner-conf\u00e9rence\u00a0: <strong>La collaboration patient-m\u00e9decin : une solution gagnante. <\/strong><a href=\"https:\/\/santemc.quebec\/santemc\/icentre\/wp-content\/uploads\/2019\/09\/Affiche_d\u00e9jeuner-conf\u00e9rence_2019_CR.pdf\" target=\"_blank\" rel=\"noopener noreferrer\">(Voir l&rsquo;affiche.) <\/a>Le jeudi 26 septembre 2019, de 9 h \u00e0 11 h 30, au restaurant chez Pedro (82, route 104 \u00e0 Saint-Jean-sur-Richelieu). Cette conf\u00e9rence sera anim\u00e9e par Dr Sylvain Dion, 2<sup>e<\/sup> vice-pr\u00e9sident de la F\u00e9d\u00e9ration des m\u00e9decins omnipraticiens du Qu\u00e9bec et viendra sensibiliser les usagers sur l\u2019importance de collaborer avec son m\u00e9decin dans le processus de soins.<\/li>\n<\/ul>\n<p>Pour assister \u00e0 l\u2019une ou l\u2019autre de ces conf\u00e9rences, vous \u00eates invit\u00e9s \u00e0 vous procurer gratuitement un billet au 450 358-2578, poste 8958, ou par courriel \u00e0 <a href=\"mailto:info@comitedesusagers-hrr.com\" target=\"_blank\" rel=\"noopener noreferrer\">info@comitedesusagers-hrr.com<\/a>. Les billets du d\u00e9jeuner-conf\u00e9rence et du d\u00eener-conf\u00e9rence donnent droit \u00e0 un rabais sur le prix du repas.<\/p>\n<p>Les comit\u00e9s de r\u00e9sidents des six CHSLD du RLS du Haut-Richelieu\u2013Rouville offriront \u00e9galement une activit\u00e9 aux r\u00e9sidents et leur famille.<\/p>\n<p>En terminant, des kiosques d\u2019information se tiendront \u00e9galement aux endroits suivants\u00a0:<\/p>\n<ul>\n<li>CLSC du Richelieu : le jeudi 19 septembre 2019, de 7 h 30 \u00e0 11 h<\/li>\n<li>C\u00c9GEP de Saint-Jean-sur-Richelieu : le lundi 23 septembre 2019, de 10 h \u00e0 15 h<\/li>\n<li>CLSC de la Vall\u00e9e-des-Forts : le mardi 24 septembre 2019, de 7 h 30 \u00e0 11 h<\/li>\n<li>H\u00f4pital du Haut-Richelieu (cliniques externes) : le mercredi 25 septembre 2019, de 9 h \u00e0 12 h et 13 h \u00e0 16 h<\/li>\n<li>Pharmacie Jean-Coutu de Saint-C\u00e9saire : le jeudi 26 septembre 2019, de 13 h \u00e0 17 h<\/li>\n<li>Carrefour Laplante (pr\u00e8s du bureau de poste) : le vendredi 27 septembre 2019, de de 10 h \u00e0 15 h.<\/li>\n<\/ul>\n","protected":false},"excerpt":{"rendered":"<p>Dans le cadre de la Semaine des droits des usagers du r\u00e9seau de la sant\u00e9 et des services sociaux, le comit\u00e9 des usagers du Haut-Richelieu\u2013Rouville vous propose une panoplie d\u2019activit\u00e9s!<\/p>\n","protected":false},"author":9,"featured_media":0,"comment_status":"open","ping_status":"closed","sticky":false,"template":"","format":"standard","meta":{"footnotes":""},"categories":[1],"tags":[],"_links":{"self":[{"href":"https:\/\/santemc.quebec\/icentre\/wp-json\/wp\/v2\/posts\/144304"}],"collection":[{"href":"https:\/\/santemc.quebec\/icentre\/wp-json\/wp\/v2\/posts"}],"about":[{"href":"https:\/\/santemc.quebec\/icentre\/wp-json\/wp\/v2\/types\/post"}],"author":[{"embeddable":true,"href":"https:\/\/santemc.quebec\/icentre\/wp-json\/wp\/v2\/users\/9"}],"replies":[{"embeddable":true,"href":"https:\/\/santemc.quebec\/icentre\/wp-json\/wp\/v2\/comments?post=144304"}],"version-history":[{"count":5,"href":"https:\/\/santemc.quebec\/icentre\/wp-json\/wp\/v2\/posts\/144304\/revisions"}],"predecessor-version":[{"id":144676,"href":"https:\/\/santemc.quebec\/icentre\/wp-json\/wp\/v2\/posts\/144304\/revisions\/144676"}],"wp:attachment":[{"href":"https:\/\/santemc.quebec\/icentre\/wp-json\/wp\/v2\/media?parent=144304"}],"wp:term":[{"taxonomy":"category","embeddable":true,"href":"https:\/\/santemc.quebec\/icentre\/wp-json\/wp\/v2\/categories?post=144304"},{"taxonomy":"post_tag","embeddable":true,"href":"https:\/\/santemc.quebec\/icentre\/wp-json\/wp\/v2\/tags?post=144304"}],"curies":[{"name":"wp","href":"https:\/\/api.w.org\/{rel}","templated":true}]}}